{"id":40719,"date":"2023-12-08T07:00:00","date_gmt":"2023-12-08T06:00:00","guid":{"rendered":"https:\/\/www.opinionpublica.tv\/portada\/2023\/12\/08\/el-fin-de-la-historia-a-la-mexicana\/"},"modified":"2023-12-08T07:00:00","modified_gmt":"2023-12-08T06:00:00","slug":"el-fin-de-la-historia-a-la-mexicana","status":"publish","type":"post","link":"https:\/\/www.opinionpublica.tv\/portada\/el-fin-de-la-historia-a-la-mexicana\/","title":{"rendered":"El fin de la historia, a la mexicana"},"content":{"rendered":"<img fetchpriority=\"high\" decoding=\"async\" class=\" size-full wp-image-40718\" src=\"https:\/\/www.opinionpublica.tv\/portada\/wp-content\/uploads\/2023\/12\/e2b4a580c6b85ea8681bfec7b4495d40.jpg\" alt=\"\" class=\"caption\" title=\"Eduardo Borunda Escobedo.\" width=\"215\" height=\"241\" \/>\n<p style=\"text-align: justify;\">Una semana intensa. Mil preguntas sin responder. Temas diversos que convergen en una ut\u00f3pica democracia mexicana que va del plano nacional a lo local. Bandazos de un partido a otro, candidaturas fallidas, candidaturas al vapor, renuncias y afiliaciones que surgen de la nada, en fin, es una s\u00edntesis de la tesis en la pr\u00e1ctica del te\u00f3rico documento de inicios de la d\u00e9cada de 1990 cuando Francis Fukuyama dec\u00eda que las ideolog\u00edas hab\u00edan pasado a un segundo plano.<\/p>\n<p><!--more--><\/p>\n<p style=\"text-align: justify;\">Es decir, el t\u00edtulo de este trabajo (art\u00edculo de opini\u00f3n) nos pone en el contexto de que la ideolog\u00eda ya no importa en este mundo en el que vivimos en una nueva versi\u00f3n donde la contradicci\u00f3n ideol\u00f3gica parece no existir, y si existe es como si no existiera.<\/p>\n<p style=\"text-align: justify;\">\u201cEl fin de la historia y el \u00faltimo hombre\u201d se convirti\u00f3 en un texto obligado en su lectura para los polit\u00f3logos (no para opinadores), ya que explicaba la tesis central en la que el mundo estar\u00eda en una condici\u00f3n donde las ideolog\u00edas no iban a importar en una democracia. Tesis que fue puesta en duda, pero que al parecer hoy tiene algo de sentido.<\/p>\n<p style=\"text-align: justify;\">La bajada de la precandidatura de Samuel Garc\u00eda tom\u00f3 por sorpresa a los militantes y simpatizantes de Movimiento Ciudadano, las declaraciones del congreso de Nuevo Le\u00f3n, la toma del palacio por parte del gobernador interino, las resoluciones de los Tribunales Electorales, la Suprema Corte de Justicia, los posicionamientos de los diversos partidos pol\u00edticos a nivel nacional as\u00ed como la intervenci\u00f3n de las fuerzas p\u00fablicas tuvieron momentos de algarab\u00eda pol\u00edtica tratando de sacar provecho de la crisis de gobernabilidad.<\/p>\n<p style=\"text-align: justify;\">Finalmente, tras horas de crisis, Nuevo Le\u00f3n regres\u00f3 a la gobernabilidad democr\u00e1tica. Samuel Garc\u00eda no va y queda en claro que ahora los tiempos de los naranjas han quedado en pausa, al menos hasta el mes de enero como ha trascendido en las redes sociales y en los principales medios de comunicaci\u00f3n. Seguramente no habr\u00e1 ya tiempos de precampa\u00f1a, pero ir\u00e1n de largo y directamente a la etapa de elecci\u00f3n constitucional.<\/p>\n<p style=\"text-align: justify;\">Esta misma semana, con sorpresa para algunos (para un servidor no) la inclusi\u00f3n en el equipo de campa\u00f1a de Claudia Sheinbaum Pardo precandidata de MORENA y la renuncia de Javier Corral a la militancia del PAN hablan precisamente en la pr\u00e1ctica de este fin de la historia de Fukuyama. Militante del PAN, con formaci\u00f3n desde joven (dir\u00eda desde ni\u00f1o) en una casa de abarrotes en pleno centro de Ciudad Ju\u00e1rez, all\u00ed por la calle Miguel Hidalgo y a unas cuantas cuadras de la \u201cVieja\u201d presidencia municipal. Desde los tiempos en la presidencia municipal de Francisco Barrio Terrazas (1983), se le identificaba como un agente de izquierda, hubo quienes lo vieron y quienes no quisieron ver.<\/p>\n<p style=\"text-align: justify;\">Hoy ponemos en la mesa de discusi\u00f3n un tema de investigaci\u00f3n y an\u00e1lisis que interesa por ser un asunto p\u00fablico. Ignacio Camargo Gonz\u00e1lez, acad\u00e9mico y reconocido investigador de la Universidad Aut\u00f3noma de Chihuahua y cuya tesis es precisamente sobre las lealtades y deslealtades pol\u00edticas, tendr\u00e1 una nueva variante: \u00bfCu\u00e1ntas y cu\u00e1ntos candidatos habr\u00e1 en el 2024 para los diferentes cargos de elecci\u00f3n habr\u00e1n de tener en su historia o carrera pol\u00edtica camisetas de diversos colores?<\/p>\n<p style=\"text-align: justify;\">Jos\u00e9 Luis Orozco (QEPD) destacaba en una de sus \u00faltimas obras coordinadas que los Estado Unidos ten\u00eda una hegemon\u00eda del fin del mundo, precisamente cuando llegaba al poder Donald Trump y asumi\u00f3 como presidente de los Estados Unidos. La conclusi\u00f3n final es que tenemos una nueva versi\u00f3n de ese fin de la historia con la interpretaci\u00f3n de una hegemon\u00eda pol\u00edtica en M\u00e9xico donde lo real es un surrealismo nacionalista, cuando lo art\u00edstico se ha convertido en algo m\u00e1s que una historia de la nueva lucha de clases.<\/p>\n","protected":false},"excerpt":{"rendered":"<p>Una semana intensa. Mil preguntas sin responder. Temas diversos que convergen en una ut\u00f3pica democracia mexicana que va del plano nacional a lo local. Bandazos de un partido a otro, candidaturas fallidas, candidaturas al vapor, renuncias y afiliaciones que surgen de la nada, en fin, es una s\u00edntesis de la tesis en la pr\u00e1ctica del [&hellip;]<\/p>\n","protected":false},"author":6,"featured_media":40718,"comment_status":"open","ping_status":"open","sticky":false,"template":"","format":"standard","meta":{"_acf_changed":false,"_monsterinsights_skip_tracking":false,"slim_seo":{"title":"El fin de la historia, a la mexicana - Opini\u00f3n P\u00fablica","description":"Una semana intensa. Mil preguntas sin responder. Temas diversos que convergen en una ut\u00f3pica democracia mexicana que va del plano nacional a lo local. Bandazos"},"footnotes":""},"categories":[31],"tags":[],"class_list":["post-40719","post","type-post","status-publish","format-standard","has-post-thumbnail","hentry","category-galimatias"],"acf":[],"_links":{"self":[{"href":"https:\/\/www.opinionpublica.tv\/portada\/wp-json\/wp\/v2\/posts\/40719","targetHints":{"allow":["GET"]}}],"collection":[{"href":"https:\/\/www.opinionpublica.tv\/portada\/wp-json\/wp\/v2\/posts"}],"about":[{"href":"https:\/\/www.opinionpublica.tv\/portada\/wp-json\/wp\/v2\/types\/post"}],"author":[{"embeddable":true,"href":"https:\/\/www.opinionpublica.tv\/portada\/wp-json\/wp\/v2\/users\/6"}],"replies":[{"embeddable":true,"href":"https:\/\/www.opinionpublica.tv\/portada\/wp-json\/wp\/v2\/comments?post=40719"}],"version-history":[{"count":0,"href":"https:\/\/www.opinionpublica.tv\/portada\/wp-json\/wp\/v2\/posts\/40719\/revisions"}],"wp:featuredmedia":[{"embeddable":true,"href":"https:\/\/www.opinionpublica.tv\/portada\/wp-json\/wp\/v2\/media\/40718"}],"wp:attachment":[{"href":"https:\/\/www.opinionpublica.tv\/portada\/wp-json\/wp\/v2\/media?parent=40719"}],"wp:term":[{"taxonomy":"category","embeddable":true,"href":"https:\/\/www.opinionpublica.tv\/portada\/wp-json\/wp\/v2\/categories?post=40719"},{"taxonomy":"post_tag","embeddable":true,"href":"https:\/\/www.opinionpublica.tv\/portada\/wp-json\/wp\/v2\/tags?post=40719"}],"curies":[{"name":"wp","href":"https:\/\/api.w.org\/{rel}","templated":true}]}}