{"id":40709,"date":"2023-12-08T07:00:00","date_gmt":"2023-12-08T06:00:00","guid":{"rendered":"https:\/\/www.opinionpublica.tv\/portada\/2023\/12\/08\/video-las-lecciones-del-fracaso-de-samuel-garcia-jesus-silva-herzog-marquez\/"},"modified":"2023-12-08T07:00:00","modified_gmt":"2023-12-08T06:00:00","slug":"video-las-lecciones-del-fracaso-de-samuel-garcia-jesus-silva-herzog-marquez","status":"publish","type":"post","link":"https:\/\/www.opinionpublica.tv\/portada\/video-las-lecciones-del-fracaso-de-samuel-garcia-jesus-silva-herzog-marquez\/","title":{"rendered":"Video: Las lecciones del fracaso de Samuel Garc\u00eda: Jes\u00fas Silva-Herzog M\u00e1rquez"},"content":{"rendered":"<p><img fetchpriority=\"high\" decoding=\"async\" class=\" size-full wp-image-40708\" src=\"https:\/\/www.opinionpublica.tv\/portada\/wp-content\/uploads\/2023\/12\/499c780e22b0134c9c6e67e066d9ed6b.jpg\" alt=\"\" width=\"550\" height=\"306\" srcset=\"https:\/\/www.opinionpublica.tv\/portada\/wp-content\/uploads\/2023\/12\/499c780e22b0134c9c6e67e066d9ed6b.jpg 550w, https:\/\/www.opinionpublica.tv\/portada\/wp-content\/uploads\/2023\/12\/499c780e22b0134c9c6e67e066d9ed6b-300x167.jpg 300w\" sizes=\"(max-width: 550px) 100vw, 550px\" \/><br \/>\n<!--more--><\/p>\n<p style=\"text-align: justify;\">El acad\u00e9mico y polit\u00f3logo, Jes\u00fas Silva-Herzog M\u00e1rquez, habla desde la plataforma de Latinus sobre las lecciones que dej\u00f3 la breve campa\u00f1a de Samuel Garc\u00eda en su aspiraci\u00f3n por la presidencia.<\/p>\n<div class=\"k2_video\"><a href=\"https:\/\/www.youtube.com\/watch?v=Y1Ppz-uGWE8?si=1K25dk9HrfNaY8o_\">https:\/\/www.youtube.com\/watch?v=Y1Ppz-uGWE8?si=1K25dk9HrfNaY8o_<\/a>\n<\/div>\n","protected":false},"excerpt":{"rendered":"","protected":false},"author":6,"featured_media":40708,"comment_status":"open","ping_status":"open","sticky":false,"template":"","format":"standard","meta":{"_acf_changed":false,"_monsterinsights_skip_tracking":false,"slim_seo":{"title":"Video: Las lecciones del fracaso de Samuel Garc\u00eda: Jes\u00fas Silva-Herzog M\u00e1rquez - Opini\u00f3n P\u00fablica","description":"El acad\u00e9mico y polit\u00f3logo, Jes\u00fas Silva-Herzog M\u00e1rquez, habla desde la plataforma de Latinus sobre las lecciones que dej\u00f3 la breve campa\u00f1a de Samuel Garc\u00eda en su"},"footnotes":""},"categories":[8],"tags":[],"class_list":["post-40709","post","type-post","status-publish","format-standard","has-post-thumbnail","hentry","category-videos"],"acf":[],"_links":{"self":[{"href":"https:\/\/www.opinionpublica.tv\/portada\/wp-json\/wp\/v2\/posts\/40709","targetHints":{"allow":["GET"]}}],"collection":[{"href":"https:\/\/www.opinionpublica.tv\/portada\/wp-json\/wp\/v2\/posts"}],"about":[{"href":"https:\/\/www.opinionpublica.tv\/portada\/wp-json\/wp\/v2\/types\/post"}],"author":[{"embeddable":true,"href":"https:\/\/www.opinionpublica.tv\/portada\/wp-json\/wp\/v2\/users\/6"}],"replies":[{"embeddable":true,"href":"https:\/\/www.opinionpublica.tv\/portada\/wp-json\/wp\/v2\/comments?post=40709"}],"version-history":[{"count":0,"href":"https:\/\/www.opinionpublica.tv\/portada\/wp-json\/wp\/v2\/posts\/40709\/revisions"}],"wp:featuredmedia":[{"embeddable":true,"href":"https:\/\/www.opinionpublica.tv\/portada\/wp-json\/wp\/v2\/media\/40708"}],"wp:attachment":[{"href":"https:\/\/www.opinionpublica.tv\/portada\/wp-json\/wp\/v2\/media?parent=40709"}],"wp:term":[{"taxonomy":"category","embeddable":true,"href":"https:\/\/www.opinionpublica.tv\/portada\/wp-json\/wp\/v2\/categories?post=40709"},{"taxonomy":"post_tag","embeddable":true,"href":"https:\/\/www.opinionpublica.tv\/portada\/wp-json\/wp\/v2\/tags?post=40709"}],"curies":[{"name":"wp","href":"https:\/\/api.w.org\/{rel}","templated":true}]}}