{"id":40695,"date":"2023-12-08T07:00:00","date_gmt":"2023-12-08T06:00:00","guid":{"rendered":"https:\/\/www.opinionpublica.tv\/portada\/2023\/12\/08\/emiten-aviso-preventivo-ante-ingreso-del-frente-frio-numero-15-a-la-entidad\/"},"modified":"2023-12-08T07:00:00","modified_gmt":"2023-12-08T06:00:00","slug":"emiten-aviso-preventivo-ante-ingreso-del-frente-frio-numero-15-a-la-entidad","status":"publish","type":"post","link":"https:\/\/www.opinionpublica.tv\/portada\/emiten-aviso-preventivo-ante-ingreso-del-frente-frio-numero-15-a-la-entidad\/","title":{"rendered":"Emiten aviso preventivo ante ingreso del Frente Fr\u00edo n\u00famero 15 a Chihuahua"},"content":{"rendered":"<p><img fetchpriority=\"high\" decoding=\"async\" class=\" size-full wp-image-40694\" src=\"https:\/\/www.opinionpublica.tv\/portada\/wp-content\/uploads\/2023\/12\/baa43ed9df62058247b9b982b4fe88d1.jpg\" alt=\"\" class=\"caption\" title=\"El frente fr\u00edo 15 traer\u00e1 temperaturas congelantes en Chihuahua y Ciudad Ju\u00e1rez.\" width=\"284\" height=\"177\" \/><br \/>\n<!--more--><\/p>\n<p style=\"text-align: justify;\"><em>Chihuahua, Chih<\/em>.- La Coordinaci\u00f3n Estatal de Protecci\u00f3n Civil (CEPC), emiti\u00f3 un aviso preventivo debido al ingreso del Frente Fr\u00edo n\u00famero 15 a la entidad, por lo que se prev\u00e9 un marcado descenso en las temperaturas del estado a partir del s\u00e1bado 9 de diciembre por la tarde y domingo 10.<\/p>\n<p style=\"text-align: justify;\">Es por ello que la dependencia, recomienda a la poblaci\u00f3n a tomar las precauciones debidas para proteger las tuber\u00edas del agua con alg\u00fan material aislante, revisar la instalaci\u00f3n de calentones con t\u00e9cnicos especializados y a\u00f1adir anticongelante al sistema de enfriamiento de veh\u00edculos.<\/p>\n<p style=\"text-align: justify;\">Ante las bajas temperaturas se recomienda usar varias capas de ropa, cubrir boca y nariz y evitar exponerse a cambios bruscos de temperatura, en caso de encender calefactores, se debe abrir una ventana por lo menos 10 cent\u00edmetros y poner especial cuidado en menores de edad, adultos mayores y personas vulnerables.<\/p>\n<p style=\"text-align: justify;\">La dependencia dio a conocer que las temperaturas para algunas de las comunidades y municipios de la entidad en los pr\u00f3ximos d\u00edas, ser\u00e1n: Chihuahua 14\/0, Ju\u00e1rez 10\/-2, Janos 12\/-4, Madera 15\/-6, Tem\u00f3sachic 17\/-8, Cuauht\u00e9moc 10\/-5, Ojinaga 13\/1, Delicias 14\/1, Camargo 14\/1, Jim\u00e9nez 12\/0, Parral 13\/0, Creel 14\/-7, Ch\u00ednipas 26\/7, Guachochi 14\/-7, El Vergel 13\/-8.<\/p>\n<p style=\"text-align: justify;\">Finalmente, la CEPC destac\u00f3 que el descenso ser\u00e1 notorio a partir de la tarde del s\u00e1bado 9 de diciembre, por lo que exhorta a la poblaci\u00f3n a tomar las medidas preventivas necesarias para evitar enfermedades respiratorias y accidentes.<\/p>\n","protected":false},"excerpt":{"rendered":"","protected":false},"author":6,"featured_media":40694,"comment_status":"open","ping_status":"open","sticky":false,"template":"","format":"standard","meta":{"_acf_changed":false,"_monsterinsights_skip_tracking":false,"slim_seo":{"title":"Emiten aviso preventivo ante ingreso del Frente Fr\u00edo n\u00famero 15 a Chihuahua - Opini\u00f3n P\u00fablica","description":"Chihuahua, Chih .- La Coordinaci\u00f3n Estatal de Protecci\u00f3n Civil (CEPC), emiti\u00f3 un aviso preventivo debido al ingreso del Frente Fr\u00edo n\u00famero 15 a la entidad, por"},"footnotes":""},"categories":[11],"tags":[],"class_list":["post-40695","post","type-post","status-publish","format-standard","has-post-thumbnail","hentry","category-tendencias"],"acf":[],"_links":{"self":[{"href":"https:\/\/www.opinionpublica.tv\/portada\/wp-json\/wp\/v2\/posts\/40695","targetHints":{"allow":["GET"]}}],"collection":[{"href":"https:\/\/www.opinionpublica.tv\/portada\/wp-json\/wp\/v2\/posts"}],"about":[{"href":"https:\/\/www.opinionpublica.tv\/portada\/wp-json\/wp\/v2\/types\/post"}],"author":[{"embeddable":true,"href":"https:\/\/www.opinionpublica.tv\/portada\/wp-json\/wp\/v2\/users\/6"}],"replies":[{"embeddable":true,"href":"https:\/\/www.opinionpublica.tv\/portada\/wp-json\/wp\/v2\/comments?post=40695"}],"version-history":[{"count":0,"href":"https:\/\/www.opinionpublica.tv\/portada\/wp-json\/wp\/v2\/posts\/40695\/revisions"}],"wp:featuredmedia":[{"embeddable":true,"href":"https:\/\/www.opinionpublica.tv\/portada\/wp-json\/wp\/v2\/media\/40694"}],"wp:attachment":[{"href":"https:\/\/www.opinionpublica.tv\/portada\/wp-json\/wp\/v2\/media?parent=40695"}],"wp:term":[{"taxonomy":"category","embeddable":true,"href":"https:\/\/www.opinionpublica.tv\/portada\/wp-json\/wp\/v2\/categories?post=40695"},{"taxonomy":"post_tag","embeddable":true,"href":"https:\/\/www.opinionpublica.tv\/portada\/wp-json\/wp\/v2\/tags?post=40695"}],"curies":[{"name":"wp","href":"https:\/\/api.w.org\/{rel}","templated":true}]}}