{"id":40307,"date":"2023-11-21T07:00:00","date_gmt":"2023-11-21T06:00:00","guid":{"rendered":"https:\/\/www.opinionpublica.tv\/portada\/2023\/11\/21\/presentan-cartelera-del-festival-de-la-ciudad-2023\/"},"modified":"2023-11-21T07:00:00","modified_gmt":"2023-11-21T06:00:00","slug":"presentan-cartelera-del-festival-de-la-ciudad-2023","status":"publish","type":"post","link":"https:\/\/www.opinionpublica.tv\/portada\/presentan-cartelera-del-festival-de-la-ciudad-2023\/","title":{"rendered":"Presentan la cartelera del Festival de la Ciudad 2023"},"content":{"rendered":"<p><img fetchpriority=\"high\" decoding=\"async\" class=\" size-full wp-image-40306\" src=\"https:\/\/www.opinionpublica.tv\/portada\/wp-content\/uploads\/2023\/11\/a5d2aa1be22d4c6bd8992be99e762caa.jpg\" alt=\"\" class=\"caption\" title=\"Los horarios de los eventos ser\u00e1n en su mayor\u00eda a las 7:00 de la tarde.\" width=\"776\" height=\"517\" srcset=\"https:\/\/www.opinionpublica.tv\/portada\/wp-content\/uploads\/2023\/11\/a5d2aa1be22d4c6bd8992be99e762caa.jpg 776w, https:\/\/www.opinionpublica.tv\/portada\/wp-content\/uploads\/2023\/11\/a5d2aa1be22d4c6bd8992be99e762caa-300x200.jpg 300w, https:\/\/www.opinionpublica.tv\/portada\/wp-content\/uploads\/2023\/11\/a5d2aa1be22d4c6bd8992be99e762caa-768x512.jpg 768w\" sizes=\"(max-width: 776px) 100vw, 776px\" \/><br \/>\n<!--more--><\/p>\n<p style=\"text-align: justify;\"><em>Ciudad Ju\u00e1rez, Chih<\/em>.- Este martes se dieron a conocer los eventos que se llevar\u00e1n a cabo para festejar el 364 aniversario de la fundaci\u00f3n de Ciudad Ju\u00e1rez, actividades que organiza el Gobierno Municipal, a trav\u00e9s del Instituto para la Cultura (IPACULT), entre lo que se incluye el Festival de la Ciudad en su 26 edici\u00f3n, del 1 al 13 de diciembre.<\/p>\n<p style=\"text-align: justify;\">Lajandra Griego, en representaci\u00f3n de Miguel \u00c1ngel Mendoza Rangel, titular del Instituto, coment\u00f3 que la cartelera es muy variada, habr\u00e1 espect\u00e1culos de danza, teatro, musicales y multidisciplinarios, mismos que se podr\u00e1n disfrutar por parte de los fronterizos de una manera familiar y de forma gratuita.<\/p>\n<p style=\"text-align: justify;\">Inform\u00f3 que para este a\u00f1o se tienen diferentes opciones, las cuales estar\u00e1n disponibles en diversas sedes: el Auditorio Benito Ju\u00e1rez, el Centro Cultural \u201cErnesto Ochoa Guillemard\u201d, el Centro Cultural Paso del Norte, el Centro Comercial Plaza Sendero Las Torres y el Parque Central Poniente.<\/p>\n<p style=\"text-align: justify;\">Los horarios de los eventos ser\u00e1n en su mayor\u00eda a las 7:00 de la tarde, con excepci\u00f3n del Cascanueces que se estar\u00e1 presentando las 5:00 de la tarde.<\/p>\n<p style=\"text-align: justify;\">Algunas de las actividades que estar\u00e1n en los 13 d\u00edas de festival son: Titerino Circus Trouppe, Pardo \u2013 Heli \u201cSebasti\u00e1n un son a la madre\u201d, Gala de \u00f3pera mexicana con Zaira Soria, Fuoco Di Strada Inc\u00f3gnitos, el Mariachi Plata, la agrupaci\u00f3n 8 Segundos y otros artistas m\u00e1s.<\/p>\n<p style=\"text-align: justify;\">Como parte de la celebraci\u00f3n del 364 aniversario, se efectuar\u00e1 por segundo a\u00f1o consecutivo el gran desfile conmemorativo que tendr\u00e1 lugar en el bulevar Zaragoza el domingo 10 de diciembre, a las 11:00 de la ma\u00f1ana.<\/p>\n<p style=\"text-align: justify;\">La cartelera completa se puede consultar en www.ipacult.org as\u00ed como en las redes sociales del instituto en Facebook, Instagram, TikTok y en Whatsapp.<\/p>\n","protected":false},"excerpt":{"rendered":"","protected":false},"author":6,"featured_media":40306,"comment_status":"open","ping_status":"open","sticky":false,"template":"","format":"standard","meta":{"_acf_changed":false,"_monsterinsights_skip_tracking":false,"slim_seo":{"title":"Presentan la cartelera del Festival de la Ciudad 2023 - Opini\u00f3n P\u00fablica","description":"Ciudad Ju\u00e1rez, Chih .- Este martes se dieron a conocer los eventos que se llevar\u00e1n a cabo para festejar el 364 aniversario de la fundaci\u00f3n de Ciudad Ju\u00e1rez, act"},"footnotes":""},"categories":[41],"tags":[],"class_list":["post-40307","post","type-post","status-publish","format-standard","has-post-thumbnail","hentry","category-juarez"],"acf":[],"_links":{"self":[{"href":"https:\/\/www.opinionpublica.tv\/portada\/wp-json\/wp\/v2\/posts\/40307","targetHints":{"allow":["GET"]}}],"collection":[{"href":"https:\/\/www.opinionpublica.tv\/portada\/wp-json\/wp\/v2\/posts"}],"about":[{"href":"https:\/\/www.opinionpublica.tv\/portada\/wp-json\/wp\/v2\/types\/post"}],"author":[{"embeddable":true,"href":"https:\/\/www.opinionpublica.tv\/portada\/wp-json\/wp\/v2\/users\/6"}],"replies":[{"embeddable":true,"href":"https:\/\/www.opinionpublica.tv\/portada\/wp-json\/wp\/v2\/comments?post=40307"}],"version-history":[{"count":0,"href":"https:\/\/www.opinionpublica.tv\/portada\/wp-json\/wp\/v2\/posts\/40307\/revisions"}],"wp:featuredmedia":[{"embeddable":true,"href":"https:\/\/www.opinionpublica.tv\/portada\/wp-json\/wp\/v2\/media\/40306"}],"wp:attachment":[{"href":"https:\/\/www.opinionpublica.tv\/portada\/wp-json\/wp\/v2\/media?parent=40307"}],"wp:term":[{"taxonomy":"category","embeddable":true,"href":"https:\/\/www.opinionpublica.tv\/portada\/wp-json\/wp\/v2\/categories?post=40307"},{"taxonomy":"post_tag","embeddable":true,"href":"https:\/\/www.opinionpublica.tv\/portada\/wp-json\/wp\/v2\/tags?post=40307"}],"curies":[{"name":"wp","href":"https:\/\/api.w.org\/{rel}","templated":true}]}}