{"id":4023,"date":"2016-09-08T06:00:00","date_gmt":"2016-09-08T04:00:00","guid":{"rendered":"https:\/\/www.opinionpublica.tv\/portada\/2016\/09\/08\/jueces-a-modo-en-chihuahua\/"},"modified":"2016-09-08T06:00:00","modified_gmt":"2016-09-08T04:00:00","slug":"jueces-a-modo-en-chihuahua","status":"publish","type":"post","link":"https:\/\/www.opinionpublica.tv\/portada\/jueces-a-modo-en-chihuahua\/","title":{"rendered":"Jueces \u201ca modo\u201d en Chihuahua"},"content":{"rendered":"<p style=\"text-align: justify;\">La m\u00e1s reciente noticia en la saga de los gobernadores malosos que pretenden blindarse emitiendo decretos, presentando iniciativas y manipulando los poderes en sus estados, es la ejecutoria de la Suprema Corte de Justicia de la Naci\u00f3n, que declar\u00f3 inconstitucional la serie de leyes impulsadas por dichos gobernadores para adecuar, a su beneficio, al Sistema Nacional Anticorrupci\u00f3n en sus estados.<\/p>\n<p><!--more--><\/p>\n<p style=\"text-align: justify;\">La base de la declaratoria de inconstitucionalidad se sustent\u00f3 en el fondo de que no se hab\u00edan expedido las leyes generales para implementar al Sistema, y los congresos de los estados no ten\u00edan facultades para emitir leyes antes de eso. Con esta resoluci\u00f3n, la Corte impidi\u00f3 que \u00e9stos gobernadores siguieran manipulando el Estado de Derecho para adecuarlo a sus intereses particulares y obscuros.<\/p>\n<p style=\"text-align: justify;\">Pues bien, en mi estado de Chihuahua, acabando de pasar esto, se est\u00e1 dando en estos momentos otra intentona de acomodar las cosas para beneficio del gobernador C\u00e9sar Duarte, quien ahora manipula a los magistrados del Supremo Tribunal de Justicia del Estado de Chihuahua, para hacer designaciones definitivas de decenas de jueces de todos los fueros judiciales, para refugiar a sus amigos en este poder, a fin de que sus camarillas queden debidamente blindadas y hacer m\u00e1s dif\u00edcil que la justicia llegue a ellos, despu\u00e9s de la m\u00e1s escandalosa administraci\u00f3n en la historia de Chihuahua, respecto de la rampante corrupci\u00f3n que imper\u00f3.<\/p>\n<p style=\"text-align: justify;\">Montesquieu ide\u00f3 el sistema de divisi\u00f3n de poderes, a fin de contrarrestar los abusos que la monarqu\u00eda absoluta trajo para muchos pa\u00edses de Europa, que fue el caldo de cultivo de las Revoluciones Americana y la Francesa. El primer pa\u00eds que instaur\u00f3 esta divisi\u00f3n al estilo franc\u00e9s, fue Estados Unidos de Am\u00e9rica, aunque de alguna manera y fuera propiamente de esta teor\u00eda, Inglaterra ya hab\u00eda establecido esta divisi\u00f3n.<\/p>\n<p style=\"text-align: justify;\">Lo que pretendi\u00f3 este principio es que los poderes del Estado estuvieran balanceados, a fin de que ninguno de ellos, el Ejecutivo, el Legislativo y el Judicial, quedaran arriba de otro poder, permaneciendo un equilibrio de poder para generar las condiciones que un gobierno debe brindar a su pueblo, de orden y respeto a la ley, que generen el entorno necesario para la prosperidad del pueblo y el bien com\u00fan.<\/p>\n<p style=\"text-align: justify;\">Sin embargo, en M\u00e9xico desde nuestra independencia, estas teor\u00edas han sido pr\u00e1cticamente letra muerta, ya que hemos tenido innumerables caudillos y dictadores, hasta que en el Siglo XXI con la derrota del PRI en el gobierno federal por la v\u00eda democr\u00e1tica, el presidente Vicente Fox, estableci\u00f3 una verdadera divisi\u00f3n de poderes, que por desgracia no perme\u00f3 al nivel de los estados, ni al extinto Distrito Federal, manteniendo los gobernadores y jefe de Gobierno, un f\u00e9rreo control sobre los poderes legislativos y el mismo poder judicial.<\/p>\n<p style=\"text-align: justify;\">Claro est\u00e1, ha habido excepciones, como en mi propio estado de Chihuahua, cuando gobern\u00f3 Francisco Barrio, como el de Baja California con Ruffo y otros gobernadores, y con algunos gobiernos del PRI y del PAN, que han tenido administraciones con una fuerte oposici\u00f3n en el congreso local.<\/p>\n<p style=\"text-align: justify;\">Ahora bien, en mi estado de Chihuahua, despu\u00e9s de que termin\u00f3 la administraci\u00f3n de Barrio, volvi\u00f3 el sistema autoritario del PRI con toda su fuerza, misma que culmin\u00f3 con la administraci\u00f3n de C\u00e9sar Duarte, por salir (a partir del momento que escribo, le quedan 29 d\u00edas), con la mayor derrota electoral del PRI en la historia de Chihuahua, pero con los m\u00e1s grandes esfuerzos de acciones autoritarias que son como zarpazos de un le\u00f3n en estado terminal que intenta permanecer vivo.<\/p>\n<p style=\"text-align: justify;\">Hoy nos lo dijo nuestro gobernador electo Javier Corral, estamos en un momento en donde un r\u00e9gimen est\u00e1 a punto de fenecer. As\u00ed es en efecto, lo peligroso de estar viviendo lo que yo le he llamado como un quiebre hist\u00f3rico, es que lo que viene o puede ser muy bueno o puede ser desastroso. Por lo pronto, debemos de impedir que cuajen estos intentos de control autoritario de otros poderes del estado. Ya se intent\u00f3 con el legislativo, pero el Poder Judicial Federal lo impidi\u00f3.<\/p>\n<p style=\"text-align: justify;\">Ahora se intenta controlar al poder judicial en mi estado. Por eso hago un llamado a los magistrados del Supremo Tribunal de Justicia a que adopten con valent\u00eda y determinaci\u00f3n institucional el proceso de selecci\u00f3n de jueces, evitando las manipulaciones y corriendo un proceso institucional, respetando los t\u00e9rminos que marca la ley, y llevando a cabo una selecci\u00f3n en donde se elijan como jueces y magistrados a las personas m\u00e1s capacitadas y comprometidas con la impartici\u00f3n de justicia en el Estado, que permita tener ese sano balance de poderes, para desarrollar instituciones fuertes que generen el entorno de Estado de Derecho y orden que todos quedemos para desarrollarnos como sociedad.<\/p>\n<p style=\"text-align: justify;\">Despu\u00e9s de la muestra de civismo que nos dieron los ciudadanos de Chihuahua en las recientes elecciones, no debemos de caer nunca m\u00e1s en gobiernos autoritarios que trabajan para el beneficio de unos cuantos.<\/p>\n","protected":false},"excerpt":{"rendered":"<p>La m\u00e1s reciente noticia en la saga de los gobernadores malosos que pretenden blindarse emitiendo decretos, presentando iniciativas y manipulando los poderes en sus estados, es la ejecutoria de la Suprema Corte de Justicia de la Naci\u00f3n, que declar\u00f3 inconstitucional la serie de leyes impulsadas por dichos gobernadores para adecuar, a su beneficio, al Sistema [&hellip;]<\/p>\n","protected":false},"author":5,"featured_media":0,"comment_status":"open","ping_status":"open","sticky":false,"template":"","format":"standard","meta":{"_acf_changed":false,"_monsterinsights_skip_tracking":false,"slim_seo":{"title":"Jueces \u201ca modo\u201d en Chihuahua - Opini\u00f3n P\u00fablica","description":"La m\u00e1s reciente noticia en la saga de los gobernadores malosos que pretenden blindarse emitiendo decretos, presentando iniciativas y manipulando los poderes en"},"footnotes":""},"categories":[17],"tags":[],"class_list":["post-4023","post","type-post","status-publish","format-standard","hentry","category-ultima-instancia"],"acf":[],"_links":{"self":[{"href":"https:\/\/www.opinionpublica.tv\/portada\/wp-json\/wp\/v2\/posts\/4023","targetHints":{"allow":["GET"]}}],"collection":[{"href":"https:\/\/www.opinionpublica.tv\/portada\/wp-json\/wp\/v2\/posts"}],"about":[{"href":"https:\/\/www.opinionpublica.tv\/portada\/wp-json\/wp\/v2\/types\/post"}],"author":[{"embeddable":true,"href":"https:\/\/www.opinionpublica.tv\/portada\/wp-json\/wp\/v2\/users\/5"}],"replies":[{"embeddable":true,"href":"https:\/\/www.opinionpublica.tv\/portada\/wp-json\/wp\/v2\/comments?post=4023"}],"version-history":[{"count":0,"href":"https:\/\/www.opinionpublica.tv\/portada\/wp-json\/wp\/v2\/posts\/4023\/revisions"}],"wp:attachment":[{"href":"https:\/\/www.opinionpublica.tv\/portada\/wp-json\/wp\/v2\/media?parent=4023"}],"wp:term":[{"taxonomy":"category","embeddable":true,"href":"https:\/\/www.opinionpublica.tv\/portada\/wp-json\/wp\/v2\/categories?post=4023"},{"taxonomy":"post_tag","embeddable":true,"href":"https:\/\/www.opinionpublica.tv\/portada\/wp-json\/wp\/v2\/tags?post=4023"}],"curies":[{"name":"wp","href":"https:\/\/api.w.org\/{rel}","templated":true}]}}