{"id":40,"date":"2016-07-14T00:00:00","date_gmt":"2016-07-13T22:00:00","guid":{"rendered":"https:\/\/www.opinionpublica.tv\/portada\/2016\/07\/14\/recursos-de-pgr-contra-fiscalia-anticorrupcion-no-aplican-en-chihuahua\/"},"modified":"2016-07-14T00:00:00","modified_gmt":"2016-07-13T22:00:00","slug":"recursos-de-pgr-contra-fiscalia-anticorrupcion-no-aplican-en-chihuahua","status":"publish","type":"post","link":"https:\/\/www.opinionpublica.tv\/portada\/recursos-de-pgr-contra-fiscalia-anticorrupcion-no-aplican-en-chihuahua\/","title":{"rendered":"Recursos de PGR contra Fiscal\u00eda Anticorrupci\u00f3n no aplican en Chihuahua"},"content":{"rendered":"<p><img fetchpriority=\"high\" decoding=\"async\" class=\" size-full wp-image-39\" src=\"https:\/\/www.opinionpublica.tv\/portada\/wp-content\/uploads\/2016\/07\/f8a458e18503c86603dc02339a944feb.jpg\" alt=\"\" width=\"591\" height=\"361\" srcset=\"https:\/\/www.opinionpublica.tv\/portada\/wp-content\/uploads\/2016\/07\/f8a458e18503c86603dc02339a944feb.jpg 591w, https:\/\/www.opinionpublica.tv\/portada\/wp-content\/uploads\/2016\/07\/f8a458e18503c86603dc02339a944feb-300x183.jpg 300w\" sizes=\"(max-width: 591px) 100vw, 591px\" \/><\/p>\n<p style=\"text-align: justify;\">El Subsecretario de Gobierno del Estado Zona Norte, Jos\u00e9 Luis Canales de la Vega, dio a conocer que las acciones de inconstitucionalidad que present\u00f3 la Procuradur\u00eda General de la Rep\u00fablica ante la SCJN en contra de los congresos estatales de Quintana Roo y Veracruz y de sus gobernadores, de ambas entidades, por la creaci\u00f3n de la Fiscal\u00eda Anticorrupci\u00f3n, aqu\u00ed no aplican dichas acciones.<\/p>\n<p style=\"text-align: justify;\">Explic\u00f3 que, aunque la creaci\u00f3n de la Fiscal\u00eda Especializada Anticorrupci\u00f3n en el Estado de Chihuahua se realiz\u00f3 en base a la Constituci\u00f3n, se acatar\u00e1 el pronunciamiento de la Suprema Corte de Justicia de la Nacional (SCJN) al respecto.<\/p>\n<p style=\"text-align: justify;\">El funcionario estatal consider\u00f3 que sin embargo hay que esperar la notificaci\u00f3n de la SCJN para tener a la mano los t\u00e9rminos en que viene el tratamiento de este caso, as\u00ed como esperar la promulgaci\u00f3n de las leyes generales que establece el Sistema Nacional Anticorrupci\u00f3n.<\/p>\n<p style=\"text-align: justify;\">Agreg\u00f3 que queda claro que este recurso que interpuso la PGR sobre la creaci\u00f3n de la Fiscal\u00eda Especializada Anticorrupci\u00f3n en la entidad, no aplica para Chihuahua, y que en todo caso habr\u00e1 de ser revisada por la Secretar\u00eda General de Gobierno, as\u00ed como el Congreso del Estado, a efecto de adecuar en su momento, si es que hubiese algo que adecuara esta inconstitucionalidad que se est\u00e1 se\u00f1alando.<\/p>\n","protected":false},"excerpt":{"rendered":"<p>El Subsecretario de Gobierno del Estado Zona Norte, Jos\u00e9 Luis Canales de la Vega, dio a conocer que las acciones de inconstitucionalidad que present\u00f3 la Procuradur\u00eda General de la Rep\u00fablica ante la SCJN en contra de los congresos estatales de Quintana Roo y Veracruz y de sus gobernadores, de ambas entidades, por la creaci\u00f3n de [&hellip;]<\/p>\n","protected":false},"author":6,"featured_media":39,"comment_status":"open","ping_status":"open","sticky":false,"template":"","format":"standard","meta":{"_acf_changed":false,"_monsterinsights_skip_tracking":false,"slim_seo":{"title":"Recursos de PGR contra Fiscal\u00eda Anticorrupci\u00f3n no aplican en Chihuahua - Opini\u00f3n P\u00fablica","description":"El Subsecretario de Gobierno del Estado Zona Norte, Jos\u00e9 Luis Canales de la Vega, dio a conocer que las acciones de inconstitucionalidad que present\u00f3 la Procura"},"footnotes":""},"categories":[4],"tags":[],"class_list":["post-40","post","type-post","status-publish","format-standard","has-post-thumbnail","hentry","category-pulsopolitico"],"acf":[],"_links":{"self":[{"href":"https:\/\/www.opinionpublica.tv\/portada\/wp-json\/wp\/v2\/posts\/40","targetHints":{"allow":["GET"]}}],"collection":[{"href":"https:\/\/www.opinionpublica.tv\/portada\/wp-json\/wp\/v2\/posts"}],"about":[{"href":"https:\/\/www.opinionpublica.tv\/portada\/wp-json\/wp\/v2\/types\/post"}],"author":[{"embeddable":true,"href":"https:\/\/www.opinionpublica.tv\/portada\/wp-json\/wp\/v2\/users\/6"}],"replies":[{"embeddable":true,"href":"https:\/\/www.opinionpublica.tv\/portada\/wp-json\/wp\/v2\/comments?post=40"}],"version-history":[{"count":0,"href":"https:\/\/www.opinionpublica.tv\/portada\/wp-json\/wp\/v2\/posts\/40\/revisions"}],"wp:featuredmedia":[{"embeddable":true,"href":"https:\/\/www.opinionpublica.tv\/portada\/wp-json\/wp\/v2\/media\/39"}],"wp:attachment":[{"href":"https:\/\/www.opinionpublica.tv\/portada\/wp-json\/wp\/v2\/media?parent=40"}],"wp:term":[{"taxonomy":"category","embeddable":true,"href":"https:\/\/www.opinionpublica.tv\/portada\/wp-json\/wp\/v2\/categories?post=40"},{"taxonomy":"post_tag","embeddable":true,"href":"https:\/\/www.opinionpublica.tv\/portada\/wp-json\/wp\/v2\/tags?post=40"}],"curies":[{"name":"wp","href":"https:\/\/api.w.org\/{rel}","templated":true}]}}