{"id":39625,"date":"2023-10-25T06:00:00","date_gmt":"2023-10-25T04:00:00","guid":{"rendered":"https:\/\/www.opinionpublica.tv\/portada\/2023\/10\/25\/convergencias-y-divergencias-politicas-2\/"},"modified":"2023-10-25T06:00:00","modified_gmt":"2023-10-25T04:00:00","slug":"convergencias-y-divergencias-politicas-2","status":"publish","type":"post","link":"https:\/\/www.opinionpublica.tv\/portada\/convergencias-y-divergencias-politicas-2\/","title":{"rendered":"Convergencias y divergencias pol\u00edticas"},"content":{"rendered":"<img fetchpriority=\"high\" decoding=\"async\" class=\" size-full wp-image-39617\" src=\"https:\/\/www.opinionpublica.tv\/portada\/wp-content\/uploads\/2023\/10\/15b7a4b3a81e8c6806e67a264ff0f632.jpg\" alt=\"\" class=\"caption\" title=\"Eduardo Borunda Escobedo.\" width=\"215\" height=\"241\" \/>\n<p style=\"text-align: justify;\">El estudio de los procesos electorales nos permite analizar las alianzas pol\u00edticas, las definiciones, las estrategias que se usan para llegar al poder. El poder a su vez provoca que el ser humano en su propia naturaleza pierda la cabeza, se aleje del piso, e incluso llegue a la traici\u00f3n.\u00a0Son palabras que en la mente de Nicol\u00e1s Maquiavelo pasaron al escribir su obra que hace m\u00e1s de 500 a\u00f1os precisaron el mundo del gobierno mon\u00e1rquico y pieza fundamental en el nacimiento de la ciencia pol\u00edtica.<\/p>\n<p><!--more--><\/p>\n<p style=\"text-align: justify;\">Hace algunas semanas, el viento soplaba sin visto de tolvanera, sin embargo, el tiempo hizo que las temperaturas subieran en el reloj de las aspiraciones pol\u00edticas. En el partido de MORENA se han subido en el barco de los suspirantes, adem\u00e1s del actual alcalde Cruz P\u00e9rez Cu\u00e9llar que va en caballo de hacienda hacia la nominaci\u00f3n en busca de la reelecci\u00f3n, la s\u00edndica Esther Mej\u00eda.<\/p>\n<p style=\"text-align: justify;\">Esther Mej\u00eda es la actual s\u00edndica y nos dicen las fuentes que nos filtraron la informaci\u00f3n que la aspiraci\u00f3n noble que le permite levantar la mano es su cercan\u00eda con Claudia Sheinbaum Pardo y haber sacado la m\u00e1s alta votaci\u00f3n en la pasada contienda, superando incluso a Cruz P\u00e9rez Cu\u00e9llar.<\/p>\n<p style=\"text-align: justify;\">Sorpresa en las declaraciones de Juan Carlos de la Rosa, quien tambi\u00e9n levant\u00f3 la mano para ser el pr\u00f3ximo presidente municipal de Ju\u00e1rez. Las aguas se revuelven en este sentido y la guerra de las bardas, espectaculares y de las redes sociales se vuelven locas. As\u00ed las cosas, \u2018diejera\u2019 un entra\u00f1able amigo del mundo de las noticias, las cosas se ponen de color de hormiga.<\/p>\n<p style=\"text-align: justify;\">Quien en redes sociales hace campa\u00f1a a morir es H\u00e9ctor Murgu\u00eda Lardiz\u00e1bal, mejor conocido como \u201cEl Teto\u201d, que con s\u00f3lo poner los colores guinda en su caricatura que hace un famoso periodista dedicado al cart\u00f3n pol\u00edtico, describe su intenci\u00f3n de ir otra vez por la m\u00e1xima plaza de la localidad.<\/p>\n<p style=\"text-align: justify;\">Pedro Torres est\u00e1 mencionado para ir por la diputaci\u00f3n del distrito 05 con cabecera en Ciudad Ju\u00e1rez, cuenta con el visto bueno de sus amigos y correligionarios, tiene la experiencia y sabidur\u00eda suficiente y se deja ver en eventos sociales y populacheros, sabe darse ba\u00f1os de pueblo.<\/p>\n<p style=\"text-align: justify;\">Roxana D\u00edaz le compite a Armando Cabada Alv\u00eddrez el primer lugar de los que suspiran por la senadur\u00eda en el estado de Chihuahua. En un volado donde el PAN tiene la sart\u00e9n por el mango a nivel estatal, saben que no s\u00f3lo es estar en la boleta electoral del Senado, sino que deben estar en el primer lugar para garantizar un asiento all\u00e1 en la Ciudad de M\u00e9xico.<\/p>\n<p style=\"text-align: justify;\">Las tareas pendientes en Ju\u00e1rez para Cruz P\u00e9rez Cuellar es alinear a su equipo de regidores, pues se est\u00e1n dando con todo, incluso hubo quien le organiz\u00f3 una fiesta vecinal para impedir se votar\u00e1n un par de acuerdos sobre desarrollo urbano en plena sesi\u00f3n de cabildo, esa alineaci\u00f3n de la que se ha mencionado obedece a que hay una clara intenci\u00f3n de desestabilizar el proyecto pol\u00edtico desde adentro de la presidencia municipal.<\/p>\n<p style=\"text-align: justify;\">La \u00faltima tarea es lograr permanecer, pues como dice el dicho, del plato a la boca se cae la sopa, recordando que en las elecciones de 2018 se batall\u00f3 para que integrar las candidaturas de MORENA y no quer\u00edan ser o ser la opci\u00f3n perdedora en una candidatura fallida. Las guerras intestinas parecen resurgir como olvidadas en las vertientes del nuevo partido en el poder, sin que pueda ser llamado hegem\u00f3nico pero s\u00ed dominante como precis\u00f3 el catedr\u00e1tico e investigador de la Ibero, Ren\u00e9 Torres Ru\u00edz en una conferencia impartida precisamente a los alumnos de la UACH.<\/p>\n","protected":false},"excerpt":{"rendered":"<p>El estudio de los procesos electorales nos permite analizar las alianzas pol\u00edticas, las definiciones, las estrategias que se usan para llegar al poder. El poder a su vez provoca que el ser humano en su propia naturaleza pierda la cabeza, se aleje del piso, e incluso llegue a la traici\u00f3n.\u00a0Son palabras que en la mente [&hellip;]<\/p>\n","protected":false},"author":6,"featured_media":39617,"comment_status":"open","ping_status":"open","sticky":false,"template":"","format":"standard","meta":{"_acf_changed":false,"_monsterinsights_skip_tracking":false,"slim_seo":{"title":"Convergencias y divergencias pol\u00edticas - Opini\u00f3n P\u00fablica","description":"El estudio de los procesos electorales nos permite analizar las alianzas pol\u00edticas, las definiciones, las estrategias que se usan para llegar al poder. El poder"},"footnotes":""},"categories":[31],"tags":[],"class_list":["post-39625","post","type-post","status-publish","format-standard","has-post-thumbnail","hentry","category-galimatias"],"acf":[],"_links":{"self":[{"href":"https:\/\/www.opinionpublica.tv\/portada\/wp-json\/wp\/v2\/posts\/39625","targetHints":{"allow":["GET"]}}],"collection":[{"href":"https:\/\/www.opinionpublica.tv\/portada\/wp-json\/wp\/v2\/posts"}],"about":[{"href":"https:\/\/www.opinionpublica.tv\/portada\/wp-json\/wp\/v2\/types\/post"}],"author":[{"embeddable":true,"href":"https:\/\/www.opinionpublica.tv\/portada\/wp-json\/wp\/v2\/users\/6"}],"replies":[{"embeddable":true,"href":"https:\/\/www.opinionpublica.tv\/portada\/wp-json\/wp\/v2\/comments?post=39625"}],"version-history":[{"count":0,"href":"https:\/\/www.opinionpublica.tv\/portada\/wp-json\/wp\/v2\/posts\/39625\/revisions"}],"wp:featuredmedia":[{"embeddable":true,"href":"https:\/\/www.opinionpublica.tv\/portada\/wp-json\/wp\/v2\/media\/39617"}],"wp:attachment":[{"href":"https:\/\/www.opinionpublica.tv\/portada\/wp-json\/wp\/v2\/media?parent=39625"}],"wp:term":[{"taxonomy":"category","embeddable":true,"href":"https:\/\/www.opinionpublica.tv\/portada\/wp-json\/wp\/v2\/categories?post=39625"},{"taxonomy":"post_tag","embeddable":true,"href":"https:\/\/www.opinionpublica.tv\/portada\/wp-json\/wp\/v2\/tags?post=39625"}],"curies":[{"name":"wp","href":"https:\/\/api.w.org\/{rel}","templated":true}]}}