{"id":39140,"date":"2023-10-12T06:00:00","date_gmt":"2023-10-12T04:00:00","guid":{"rendered":"https:\/\/www.opinionpublica.tv\/portada\/2023\/10\/12\/asesinato-de-colosio-fue-crimen-de-estado-asegura-amlo\/"},"modified":"2023-10-12T06:00:00","modified_gmt":"2023-10-12T04:00:00","slug":"asesinato-de-colosio-fue-crimen-de-estado-asegura-amlo","status":"publish","type":"post","link":"https:\/\/www.opinionpublica.tv\/portada\/asesinato-de-colosio-fue-crimen-de-estado-asegura-amlo\/","title":{"rendered":"Asesinato de Colosio: crimen de Estado; asegura AMLO"},"content":{"rendered":"<p><img fetchpriority=\"high\" decoding=\"async\" class=\" size-full wp-image-39138\" src=\"https:\/\/www.opinionpublica.tv\/portada\/wp-content\/uploads\/2023\/10\/970061a8a3075e3256c53180a0cab7d6.jpg\" alt=\"\" class=\"caption\" title=\"L\u00f3pez Obrador revel\u00f3 que en 1994 habl\u00f3 con Luis Donaldo Colosio.\" width=\"643\" height=\"469\" srcset=\"https:\/\/www.opinionpublica.tv\/portada\/wp-content\/uploads\/2023\/10\/970061a8a3075e3256c53180a0cab7d6.jpg 643w, https:\/\/www.opinionpublica.tv\/portada\/wp-content\/uploads\/2023\/10\/970061a8a3075e3256c53180a0cab7d6-300x219.jpg 300w\" sizes=\"(max-width: 643px) 100vw, 643px\" \/><br \/>\n<!--more--><\/p>\n<p style=\"text-align: justify;\">Al considerar que el asesinato de Luis Donaldo Colosio fue un crimen de Estado, el presidente Andr\u00e9s Manuel L\u00f3pez Obrador se pronunci\u00f3 porque debe de ampliarse las investigaciones en este caso, porque \u00abeste tipo de casos no prescriben\u00bb.<\/p>\n<p style=\"text-align: justify;\">Durante su conferencia, se refiri\u00f3 a la reciente resoluci\u00f3n de un Tribunal de circuito que abri\u00f3 la puerta para que el asesino del ex candidato presidencial, Mario Aburto podr\u00eda salir de precisi\u00f3n en marzo, inform\u00f3 que a trav\u00e9s de la secretaria de Gobernaci\u00f3n se analiza cu\u00e1l es la alternativa Jur\u00eddica para evitar que esta decisi\u00f3n judicial permita su liberaci\u00f3n anticipada.<\/p>\n<p style=\"text-align: justify;\">Explic\u00f3 que esta decisi\u00f3n tiene que ver con una interpretaci\u00f3n de cu\u00e1l ser\u00eda la legislaci\u00f3n aplicable para el caso. Dijo que Aburto fue juzgado con el C\u00f3digo Penal Federal en 1994 que permiti\u00f3 imponerle una pena inicial de 43 a\u00f1os, que posteriormente se ampli\u00f3 a 45 a\u00f1os.<\/p>\n<p style=\"text-align: justify;\">Sin embargo, de acuerdo a la defensa del detenido debi\u00f3 aplicarse el c\u00f3digo penal de Baja California que impone una pena m\u00e1xima de 30 a\u00f1os para estos caso, motivo por el cual se le otorg\u00f3 un amparo. Asever\u00f3 que para cumplir con la ejecutoria se tiene un plazo que vence este viernes, por lo que la secretaria de Gobernaci\u00f3n deber\u00e1 aplicarse para impugnar esta determinaci\u00f3n judicial.<\/p>\n<p style=\"text-align: justify;\">Coment\u00f3 que en 1994 , ceno en casa de Clara Jusidman con Colosio,\u00a0a quien le plante\u00f3 la necesidad de poner fin a las pol\u00edticas neoliberales y retomar la pol\u00edtica de mayor inversi\u00f3n p\u00fablica, como se est\u00e1 realizando a ahora.<\/p>\n<p style=\"text-align: justify;\">Su respuesta, dijo, fue.: \u00abhay que regresar a Keynes\u00bb, cuando entonces ya se ten\u00eda la visi\u00f3n impuesta por Milton Friedman, el padre del neoliberalismo, que se aplic\u00f3 hasta el final de 2018.<\/p>\n<p style=\"text-align: justify;\">Mencion\u00f3 que cuando lo asesinaron \u00abme doli\u00f3 much\u00edsimo\u00bb, por la forma en que le quitaron la vida. \u00abLlegue a la conclusi\u00f3n de que fue crimen de estado. Y en esos casos Si no hay voluntad, lleva mucho para esclarecerse. Fue un crimen de estado el asesinato del presidente Kennedy y no se supo bien. Hay libros escritos sobre esto, uno de Aguilar Cam\u00edn que lo distanci\u00f3 de su amigo Salinas\u00bb. (La Jornada)<\/p>\n","protected":false},"excerpt":{"rendered":"","protected":false},"author":6,"featured_media":39138,"comment_status":"open","ping_status":"open","sticky":false,"template":"","format":"standard","meta":{"_acf_changed":false,"_monsterinsights_skip_tracking":false,"slim_seo":{"title":"Asesinato de Colosio: crimen de Estado; asegura AMLO - Opini\u00f3n P\u00fablica","description":"Al considerar que el asesinato de Luis Donaldo Colosio fue un crimen de Estado, el presidente Andr\u00e9s Manuel L\u00f3pez Obrador se pronunci\u00f3 porque debe de ampliarse"},"footnotes":""},"categories":[4],"tags":[],"class_list":["post-39140","post","type-post","status-publish","format-standard","has-post-thumbnail","hentry","category-pulsopolitico"],"acf":[],"_links":{"self":[{"href":"https:\/\/www.opinionpublica.tv\/portada\/wp-json\/wp\/v2\/posts\/39140","targetHints":{"allow":["GET"]}}],"collection":[{"href":"https:\/\/www.opinionpublica.tv\/portada\/wp-json\/wp\/v2\/posts"}],"about":[{"href":"https:\/\/www.opinionpublica.tv\/portada\/wp-json\/wp\/v2\/types\/post"}],"author":[{"embeddable":true,"href":"https:\/\/www.opinionpublica.tv\/portada\/wp-json\/wp\/v2\/users\/6"}],"replies":[{"embeddable":true,"href":"https:\/\/www.opinionpublica.tv\/portada\/wp-json\/wp\/v2\/comments?post=39140"}],"version-history":[{"count":0,"href":"https:\/\/www.opinionpublica.tv\/portada\/wp-json\/wp\/v2\/posts\/39140\/revisions"}],"wp:featuredmedia":[{"embeddable":true,"href":"https:\/\/www.opinionpublica.tv\/portada\/wp-json\/wp\/v2\/media\/39138"}],"wp:attachment":[{"href":"https:\/\/www.opinionpublica.tv\/portada\/wp-json\/wp\/v2\/media?parent=39140"}],"wp:term":[{"taxonomy":"category","embeddable":true,"href":"https:\/\/www.opinionpublica.tv\/portada\/wp-json\/wp\/v2\/categories?post=39140"},{"taxonomy":"post_tag","embeddable":true,"href":"https:\/\/www.opinionpublica.tv\/portada\/wp-json\/wp\/v2\/tags?post=39140"}],"curies":[{"name":"wp","href":"https:\/\/api.w.org\/{rel}","templated":true}]}}