{"id":39135,"date":"2023-10-12T06:00:00","date_gmt":"2023-10-12T04:00:00","guid":{"rendered":"https:\/\/www.opinionpublica.tv\/portada\/2023\/10\/12\/ofrecen-bolsa-de-trabajo-para-personas-con-discapacidad\/"},"modified":"2023-10-12T06:00:00","modified_gmt":"2023-10-12T04:00:00","slug":"ofrecen-bolsa-de-trabajo-para-personas-con-discapacidad","status":"publish","type":"post","link":"https:\/\/www.opinionpublica.tv\/portada\/ofrecen-bolsa-de-trabajo-para-personas-con-discapacidad\/","title":{"rendered":"Ofrecen bolsa de trabajo para personas con discapacidad"},"content":{"rendered":"<p><img fetchpriority=\"high\" decoding=\"async\" class=\" size-full wp-image-39133\" src=\"https:\/\/www.opinionpublica.tv\/portada\/wp-content\/uploads\/2023\/10\/38a2f704b0d74a136d91956a158e5e6a.jpg\" alt=\"\" class=\"caption\" title=\"Estas vacantes se han generado como resultado de la disposici\u00f3n de algunas empresas.\" width=\"1600\" height=\"1035\" srcset=\"https:\/\/www.opinionpublica.tv\/portada\/wp-content\/uploads\/2023\/10\/38a2f704b0d74a136d91956a158e5e6a.jpg 1600w, https:\/\/www.opinionpublica.tv\/portada\/wp-content\/uploads\/2023\/10\/38a2f704b0d74a136d91956a158e5e6a-300x194.jpg 300w, https:\/\/www.opinionpublica.tv\/portada\/wp-content\/uploads\/2023\/10\/38a2f704b0d74a136d91956a158e5e6a-1024x662.jpg 1024w, https:\/\/www.opinionpublica.tv\/portada\/wp-content\/uploads\/2023\/10\/38a2f704b0d74a136d91956a158e5e6a-768x497.jpg 768w, https:\/\/www.opinionpublica.tv\/portada\/wp-content\/uploads\/2023\/10\/38a2f704b0d74a136d91956a158e5e6a-1536x994.jpg 1536w\" sizes=\"(max-width: 1600px) 100vw, 1600px\" \/><br \/>\n<!--more--><\/p>\n<p style=\"text-align: justify;\"><em>Ciudad Ju\u00e1rez, Chih<\/em>.- La Direcci\u00f3n de Atenci\u00f3n Ciudadana, a trav\u00e9s de su coordinaci\u00f3n para personas con discapacidad, ha extendido una invitaci\u00f3n a las personas con discapacidad a inscribirse en la bolsa de trabajo, en la que diversas empresas han dispuesto un total de 30 vacantes, inform\u00f3 Marisa Lizeth Flores Orozco, encargada de la coordinaci\u00f3n.<\/p>\n<p style=\"text-align: justify;\">Desde este viernes 13 y hasta el pr\u00f3ximo jueves 19, los interesados podr\u00e1n acudir a registrarse a la oficina ubicada en la Unidad Administrativa Benito Ju\u00e1rez (Presidencia Municipal), en horario de 8:30 de la ma\u00f1ana a 12:00 del mediod\u00eda.<\/p>\n<p style=\"text-align: justify;\">Los requisitos para inscribirse en esta bolsa de empleo especializada son los mismos que solicitar\u00eda cualquier empresa, incluyendo acta de nacimiento, Clave \u00danica del Registro de Poblaci\u00f3n (CURP), credencial del Instituto Nacional Electoral (INE), comprobante de domicilio (recibo de agua, luz, tel\u00e9fono, no mayor a tres meses), credencial para personas con discapacidad, Registro Federal de Contribuyentes (RFC) y cualquier otro documento que la empresa en cuesti\u00f3n pueda requerir.<\/p>\n<p style=\"text-align: justify;\">Adem\u00e1s, se solicita un certificado del \u00faltimo grado de estudios, n\u00famero del Instituto Mexicano del Seguro Social (en caso de contar con \u00e9l) y el Registro Federal de Contribuyentes (RFC) con homoclave.<\/p>\n<p style=\"text-align: justify;\">Flores Orozco destac\u00f3 que estas vacantes se han generado como resultado de la disposici\u00f3n de algunas empresas para participar en el curso \u00abSensibilizaci\u00f3n y Lenguaje Inclusivo de Personas con Discapacidad\u00bb.<\/p>\n<p style=\"text-align: justify;\">Este curso tiene como objetivo proporcionar a las empresas las herramientas y conocimientos necesarios para comprender la diversidad en el entorno laboral y asegurar que las personas con discapacidad sean tratadas con igualdad y respeto en todas las etapas del proceso de empleo.<\/p>\n<p style=\"text-align: justify;\">Dijo que son varias empresas las que han participado en el curso y han asumido el compromiso de no solo aprender y aplicar las lecciones adquiridas, sino tambi\u00e9n de liderar el camino hacia la inclusi\u00f3n laboral en la comunidad empresarial.<\/p>\n","protected":false},"excerpt":{"rendered":"","protected":false},"author":6,"featured_media":39133,"comment_status":"open","ping_status":"open","sticky":false,"template":"","format":"standard","meta":{"_acf_changed":false,"_monsterinsights_skip_tracking":false,"slim_seo":{"title":"Ofrecen bolsa de trabajo para personas con discapacidad - Opini\u00f3n P\u00fablica","description":"Ciudad Ju\u00e1rez, Chih .- La Direcci\u00f3n de Atenci\u00f3n Ciudadana, a trav\u00e9s de su coordinaci\u00f3n para personas con discapacidad, ha extendido una invitaci\u00f3n a las persona"},"footnotes":""},"categories":[41],"tags":[],"class_list":["post-39135","post","type-post","status-publish","format-standard","has-post-thumbnail","hentry","category-juarez"],"acf":[],"_links":{"self":[{"href":"https:\/\/www.opinionpublica.tv\/portada\/wp-json\/wp\/v2\/posts\/39135","targetHints":{"allow":["GET"]}}],"collection":[{"href":"https:\/\/www.opinionpublica.tv\/portada\/wp-json\/wp\/v2\/posts"}],"about":[{"href":"https:\/\/www.opinionpublica.tv\/portada\/wp-json\/wp\/v2\/types\/post"}],"author":[{"embeddable":true,"href":"https:\/\/www.opinionpublica.tv\/portada\/wp-json\/wp\/v2\/users\/6"}],"replies":[{"embeddable":true,"href":"https:\/\/www.opinionpublica.tv\/portada\/wp-json\/wp\/v2\/comments?post=39135"}],"version-history":[{"count":0,"href":"https:\/\/www.opinionpublica.tv\/portada\/wp-json\/wp\/v2\/posts\/39135\/revisions"}],"wp:featuredmedia":[{"embeddable":true,"href":"https:\/\/www.opinionpublica.tv\/portada\/wp-json\/wp\/v2\/media\/39133"}],"wp:attachment":[{"href":"https:\/\/www.opinionpublica.tv\/portada\/wp-json\/wp\/v2\/media?parent=39135"}],"wp:term":[{"taxonomy":"category","embeddable":true,"href":"https:\/\/www.opinionpublica.tv\/portada\/wp-json\/wp\/v2\/categories?post=39135"},{"taxonomy":"post_tag","embeddable":true,"href":"https:\/\/www.opinionpublica.tv\/portada\/wp-json\/wp\/v2\/tags?post=39135"}],"curies":[{"name":"wp","href":"https:\/\/api.w.org\/{rel}","templated":true}]}}