{"id":39075,"date":"2023-10-12T06:00:00","date_gmt":"2023-10-12T04:00:00","guid":{"rendered":"https:\/\/www.opinionpublica.tv\/portada\/2023\/10\/12\/uacj-50-anos-haciendo-historia-2\/"},"modified":"2023-10-12T06:00:00","modified_gmt":"2023-10-12T04:00:00","slug":"uacj-50-anos-haciendo-historia-2","status":"publish","type":"post","link":"https:\/\/www.opinionpublica.tv\/portada\/uacj-50-anos-haciendo-historia-2\/","title":{"rendered":"UACJ, 50 a\u00f1os haciendo historia"},"content":{"rendered":"<img fetchpriority=\"high\" decoding=\"async\" class=\" size-full wp-image-39068\" src=\"https:\/\/www.opinionpublica.tv\/portada\/wp-content\/uploads\/2023\/10\/43451d017fb56b69ddb156378b7d05c7.jpg\" alt=\"\" class=\"caption\" title=\"Eduardo Borunda Escobedo.\" width=\"215\" height=\"241\" \/>\n<p style=\"text-align: justify;\">La Universidad Aut\u00f3noma de Ciudad Ju\u00e1rez (UACJ) tiene en sus antecedentes hist\u00f3ricos las grandes proezas de enfrentar a una sociedad que se abri\u00f3 paso en el desierto, se construyeron aulas, pero tambi\u00e9n sue\u00f1os que a m\u00e1s de 50 a\u00f1os de erigirse cimentaron el espacio para la investigaci\u00f3n, la cultura, la academia y la formaci\u00f3n de profesionistas que son un orgullo de quienes viven en esta tierra donde dijo un cantautor es la frontera m\u00e1s bella del mundo.<\/p>\n<p><!--more--><\/p>\n<p style=\"text-align: justify;\">Los festejos del medio siglo de vida universitaria, as\u00ed como el propio informe que se presenta ante el Consejo Universitario y aglutina a la clase pol\u00edtica de la ciudad fronteriza recobra especial inter\u00e9s ya que es tambi\u00e9n la apertura de la carrera por la silla de Rector\u00eda y en la que se han sumado en la contienda a directores de institutos y funcionarios de primer nivel de la propia instituci\u00f3n, funcionarios estatales, docentes, investigadores y alg\u00fan que otro despistado de la vida diaria.<\/p>\n<p style=\"text-align: justify;\">El camino es claro, deber\u00e1n bailar al son de la m\u00fasica que el viernes 13 de octubre se escuchar\u00e1 en el r\u00edo bravo que supera las expectativas por un inter\u00e9s muy especial, festejar en grande en un recinto donde los goles se corean y que ser\u00e1 sin dudas el espacio m\u00e1s concurrido que desear\u00eda cualquier pol\u00edtico y gobernante por la dimensi\u00f3n de traer hasta la mejor frontera de M\u00e9xico a un grupo que hace que los corazones se alegren: Los \u00c1ngeles Azules.<\/p>\n<p style=\"text-align: justify;\">El informe del Rector ser\u00e1 motivo de an\u00e1lisis, asistir\u00e1n quienes en verdad quieren estar en la foto de la entrega de una estafeta, saben que el primer paso es colarse a la terna, a la cual se han enfocado durante a\u00f1os para garantizar que la propia Universidad siga su marcha, el factor pol\u00edtico debe quedar fuera, el grito desesperado por la autonom\u00eda universitaria deber\u00e1 sopesar al momento de las grandes decisiones.<\/p>\n<p style=\"text-align: justify;\">El rector Juan Ignacio Camargo Nassar tiene control de la Instituci\u00f3n, ha sabido sortear los malos momentos de alg\u00fan inc\u00f3modo incidente dentro de las aulas y fuera, los avances en los est\u00e1ndares de calidad son sus mejores cartas, rinde un informe con muchos indicadores que hacen que la UACJ est\u00e9 en la mira nacional. Sopesado en sus palabras, no busca el reflector, al contrario, busca siempre que sean sus atletas, sus alumnos, sus docentes quienes ocupen el espacio que en funci\u00f3n de sus m\u00e9ritos merecen.<\/p>\n<p style=\"text-align: justify;\">El perfil del pr\u00f3ximo rector debe ser considerado y consensuado. Acad\u00e9mico, con trayectoria dentro de la Universidad, conciliador, buen administrador y sin peros que pongan en riesgo la estabilidad de la instituci\u00f3n en funci\u00f3n que estar\u00e1 el proceso electoral abierto cuando se elijan a los futuros consejeros universitarios constituidos en colegio cardenalicio y voten a favor de su pr\u00f3ximo Rector para el periodo 2024 \u2013 2030. La autonom\u00eda universitaria ser\u00e1 en el discurso el arma contra intromisiones que tratar\u00e1n de orientar en lo ideol\u00f3gico y en lo pol\u00edtico el sentido del voto.<\/p>\n<p style=\"text-align: justify;\">Larga vida a una de las instituciones que fue fundada hace m\u00e1s de 50 a\u00f1os y que se consolida como una de las m\u00e1s importantes del norte del pa\u00eds. La estabilidad universitaria hace que la historia sea clara con el mensaje \u201cPor sus frutos los conocer\u00e9is\u201d y los frutos hoy nos dicen que hay una misi\u00f3n cumplida \u201cPor una vida cient\u00edfica, por una ciencia vital\u201d. Felicidades a la UACJ y que sean muchos claustros como el que se conmemora hoy en el campus universitario.<\/p>\n<p style=\"text-align: justify;\">\u00a0<\/p>\n<p style=\"text-align: justify;\">\u00a0<\/p>\n<p style=\"text-align: justify;\">\u00a0<\/p>\n","protected":false},"excerpt":{"rendered":"<p>La Universidad Aut\u00f3noma de Ciudad Ju\u00e1rez (UACJ) tiene en sus antecedentes hist\u00f3ricos las grandes proezas de enfrentar a una sociedad que se abri\u00f3 paso en el desierto, se construyeron aulas, pero tambi\u00e9n sue\u00f1os que a m\u00e1s de 50 a\u00f1os de erigirse cimentaron el espacio para la investigaci\u00f3n, la cultura, la academia y la formaci\u00f3n de [&hellip;]<\/p>\n","protected":false},"author":6,"featured_media":39068,"comment_status":"open","ping_status":"open","sticky":false,"template":"","format":"standard","meta":{"_acf_changed":false,"_monsterinsights_skip_tracking":false,"slim_seo":{"title":"UACJ, 50 a\u00f1os haciendo historia - Opini\u00f3n P\u00fablica","description":"La Universidad Aut\u00f3noma de Ciudad Ju\u00e1rez (UACJ) tiene en sus antecedentes hist\u00f3ricos las grandes proezas de enfrentar a una sociedad que se abri\u00f3 paso en el des"},"footnotes":""},"categories":[31],"tags":[],"class_list":["post-39075","post","type-post","status-publish","format-standard","has-post-thumbnail","hentry","category-galimatias"],"acf":[],"_links":{"self":[{"href":"https:\/\/www.opinionpublica.tv\/portada\/wp-json\/wp\/v2\/posts\/39075","targetHints":{"allow":["GET"]}}],"collection":[{"href":"https:\/\/www.opinionpublica.tv\/portada\/wp-json\/wp\/v2\/posts"}],"about":[{"href":"https:\/\/www.opinionpublica.tv\/portada\/wp-json\/wp\/v2\/types\/post"}],"author":[{"embeddable":true,"href":"https:\/\/www.opinionpublica.tv\/portada\/wp-json\/wp\/v2\/users\/6"}],"replies":[{"embeddable":true,"href":"https:\/\/www.opinionpublica.tv\/portada\/wp-json\/wp\/v2\/comments?post=39075"}],"version-history":[{"count":0,"href":"https:\/\/www.opinionpublica.tv\/portada\/wp-json\/wp\/v2\/posts\/39075\/revisions"}],"wp:featuredmedia":[{"embeddable":true,"href":"https:\/\/www.opinionpublica.tv\/portada\/wp-json\/wp\/v2\/media\/39068"}],"wp:attachment":[{"href":"https:\/\/www.opinionpublica.tv\/portada\/wp-json\/wp\/v2\/media?parent=39075"}],"wp:term":[{"taxonomy":"category","embeddable":true,"href":"https:\/\/www.opinionpublica.tv\/portada\/wp-json\/wp\/v2\/categories?post=39075"},{"taxonomy":"post_tag","embeddable":true,"href":"https:\/\/www.opinionpublica.tv\/portada\/wp-json\/wp\/v2\/tags?post=39075"}],"curies":[{"name":"wp","href":"https:\/\/api.w.org\/{rel}","templated":true}]}}