{"id":38564,"date":"2023-09-26T06:00:00","date_gmt":"2023-09-26T04:00:00","guid":{"rendered":"https:\/\/www.opinionpublica.tv\/portada\/2023\/09\/26\/delgado-se-mantendra-como-presidente-nacional-de-morena\/"},"modified":"2023-09-26T06:00:00","modified_gmt":"2023-09-26T04:00:00","slug":"delgado-se-mantendra-como-presidente-nacional-de-morena","status":"publish","type":"post","link":"https:\/\/www.opinionpublica.tv\/portada\/delgado-se-mantendra-como-presidente-nacional-de-morena\/","title":{"rendered":"Delgado se mantendr\u00e1 como presidente nacional de Morena"},"content":{"rendered":"<p><img fetchpriority=\"high\" decoding=\"async\" class=\" size-full wp-image-38562\" src=\"https:\/\/www.opinionpublica.tv\/portada\/wp-content\/uploads\/2023\/09\/ea449d1429d670573e29907a72535f87.jpg\" alt=\"\" class=\"caption\" title=\"Mario Delgado Carrillo, presidente nacional de Morena en rueda de prensa.\" width=\"644\" height=\"436\" srcset=\"https:\/\/www.opinionpublica.tv\/portada\/wp-content\/uploads\/2023\/09\/ea449d1429d670573e29907a72535f87.jpg 644w, https:\/\/www.opinionpublica.tv\/portada\/wp-content\/uploads\/2023\/09\/ea449d1429d670573e29907a72535f87-300x203.jpg 300w\" sizes=\"(max-width: 644px) 100vw, 644px\" \/><br \/>\n<!--more--><\/p>\n<p style=\"text-align: justify;\">Luego de mantener en incertidumbre su posible participaci\u00f3n en el proceso interno para buscar la candidatura a la jefatura de Gobierno de la Ciudad de M\u00e9xico, el dirigente Nacional de Morena, Mario Delgado, inform\u00f3 que se mantendr\u00e1 como presidente del partido guinda. \u201cPrefiero ayudarle a mi partido a que ganemos en 2024\u201d, expres\u00f3.<\/p>\n<p style=\"text-align: justify;\">\u00abEntre competir por la Ciudad y ganar el pa\u00eds por Morena, prefiero lo segundo, porque lograremos que el legado humanista de Andr\u00e9s Manuel L\u00f3pez Obrador en favor de los m\u00e1s humildes, trascienda a las siguientes generaciones\u201d, se\u00f1al\u00f3 Delgado Carrillo este martes.<\/p>\n<p style=\"text-align: justify;\">Tras indicar que el primer paso para ganar 2024 se dio \u201cexitosamente\u201d, ya que en un hecho in\u00e9dito el pueblo eligi\u00f3 de manera \u201cdemocr\u00e1tica\u201d a Claudia Sheinbaum como coordinadora nacional de defensa de la transformaci\u00f3n, quien recibi\u00f3 de manos del presidente Andr\u00e9s Manuel L\u00f3pez Obrador el bast\u00f3n de mando, a\u00f1adi\u00f3: \u00abEstoy seguro que el 2 de junio pr\u00f3ximo, nuevamente me tocar\u00e1 levantarle la manos como triunfadora en las elecciones presidenciales\u201d.<\/p>\n<p style=\"text-align: justify;\">A unas horas para que cierre el registro de aspirantes en las nueve entidades donde habr\u00e1 elecciones para definir las gubernaturas y la jefatura de Gobierno en la capital, el morenista reconoci\u00f3 que \u201csiempre ha tenido el sue\u00f1o de llegar a ser un buen gobernante de la ciudad que lo recibi\u00f3 a los 18 a\u00f1os\u201d.<\/p>\n<p style=\"text-align: justify;\">Sin embargo, recalc\u00f3, \u201choy tengo un sue\u00f1o m\u00e1s grande, contribuir a que por primera vez en la historia haya una mujer presidenta\u201d.<\/p>\n<p style=\"text-align: justify;\">En conferencia de prensa en la sede del partido, expuso que \u201cdirigir a Morena en estos tiempos estelares de la historia nacional, es el mayor honor y responsabilidad posible\u201d.<\/p>\n<p style=\"text-align: justify;\">Al subrayar que un verdadero dirigente siempre debe anteponer el proyecto sobre cualquier inter\u00e9s personal, apunt\u00f3 que \u201cse lucha por causas, no por puestos\u201d. (La Jornada)<\/p>\n<p style=\"text-align: justify;\">\u00a0<\/p>\n","protected":false},"excerpt":{"rendered":"","protected":false},"author":6,"featured_media":38562,"comment_status":"open","ping_status":"open","sticky":false,"template":"","format":"standard","meta":{"_acf_changed":false,"_monsterinsights_skip_tracking":false,"slim_seo":{"title":"Delgado se mantendr\u00e1 como presidente nacional de Morena - Opini\u00f3n P\u00fablica","description":"Luego de mantener en incertidumbre su posible participaci\u00f3n en el proceso interno para buscar la candidatura a la jefatura de Gobierno de la Ciudad de M\u00e9xico, e"},"footnotes":""},"categories":[4],"tags":[],"class_list":["post-38564","post","type-post","status-publish","format-standard","has-post-thumbnail","hentry","category-pulsopolitico"],"acf":[],"_links":{"self":[{"href":"https:\/\/www.opinionpublica.tv\/portada\/wp-json\/wp\/v2\/posts\/38564","targetHints":{"allow":["GET"]}}],"collection":[{"href":"https:\/\/www.opinionpublica.tv\/portada\/wp-json\/wp\/v2\/posts"}],"about":[{"href":"https:\/\/www.opinionpublica.tv\/portada\/wp-json\/wp\/v2\/types\/post"}],"author":[{"embeddable":true,"href":"https:\/\/www.opinionpublica.tv\/portada\/wp-json\/wp\/v2\/users\/6"}],"replies":[{"embeddable":true,"href":"https:\/\/www.opinionpublica.tv\/portada\/wp-json\/wp\/v2\/comments?post=38564"}],"version-history":[{"count":0,"href":"https:\/\/www.opinionpublica.tv\/portada\/wp-json\/wp\/v2\/posts\/38564\/revisions"}],"wp:featuredmedia":[{"embeddable":true,"href":"https:\/\/www.opinionpublica.tv\/portada\/wp-json\/wp\/v2\/media\/38562"}],"wp:attachment":[{"href":"https:\/\/www.opinionpublica.tv\/portada\/wp-json\/wp\/v2\/media?parent=38564"}],"wp:term":[{"taxonomy":"category","embeddable":true,"href":"https:\/\/www.opinionpublica.tv\/portada\/wp-json\/wp\/v2\/categories?post=38564"},{"taxonomy":"post_tag","embeddable":true,"href":"https:\/\/www.opinionpublica.tv\/portada\/wp-json\/wp\/v2\/tags?post=38564"}],"curies":[{"name":"wp","href":"https:\/\/api.w.org\/{rel}","templated":true}]}}