{"id":38563,"date":"2023-09-26T06:00:00","date_gmt":"2023-09-26T04:00:00","guid":{"rendered":"https:\/\/www.opinionpublica.tv\/portada\/2023\/09\/26\/calcula-ine-660-9-mil-millones-de-pesos-como-tope-de-gasto-de-campana-presidencial-2\/"},"modified":"2023-09-26T06:00:00","modified_gmt":"2023-09-26T04:00:00","slug":"calcula-ine-660-9-mil-millones-de-pesos-como-tope-de-gasto-de-campana-presidencial-2","status":"publish","type":"post","link":"https:\/\/www.opinionpublica.tv\/portada\/calcula-ine-660-9-mil-millones-de-pesos-como-tope-de-gasto-de-campana-presidencial-2\/","title":{"rendered":"Busca INE 660.9 millones de pesos como tope de gasto de campa\u00f1a presidencial"},"content":{"rendered":"<p><img fetchpriority=\"high\" decoding=\"async\" class=\" size-full wp-image-38560\" src=\"https:\/\/www.opinionpublica.tv\/portada\/wp-content\/uploads\/2023\/09\/ef6a5694b41f414e89f337f41ba8e32d.jpg\" alt=\"\" class=\"caption\" title=\"La elecci\u00f3n presidencial de 2018, tuvo un l\u00edmite de 429.2 millones por candidato.\" width=\"645\" height=\"420\" srcset=\"https:\/\/www.opinionpublica.tv\/portada\/wp-content\/uploads\/2023\/09\/ef6a5694b41f414e89f337f41ba8e32d.jpg 645w, https:\/\/www.opinionpublica.tv\/portada\/wp-content\/uploads\/2023\/09\/ef6a5694b41f414e89f337f41ba8e32d-300x195.jpg 300w\" sizes=\"(max-width: 645px) 100vw, 645px\" \/><br \/>\n<!--more--><\/p>\n<p style=\"text-align: justify;\"><em>Ciudad de M\u00e9xico<\/em>.- El Instituto Nacional Electoral (INE) alista el c\u00e1lculo de topes de gasto de campa\u00f1a, que para la elecci\u00f3n presidencial ser\u00e1 de hasta 660 millones 978 mil 723 pesos, tanto de financiamiento p\u00fablico como de aportaciones privadas, para cada contendiente.<\/p>\n<p style=\"text-align: justify;\">En la precampa\u00f1a, que se realizar\u00e1 del 5 de noviembre al 3 de enero de 2024, se permitir\u00e1 un gasto de 85.9 millones de pesos.<\/p>\n<p style=\"text-align: justify;\">Lo anterior se establece en el proyecto de acuerdo de la Comisi\u00f3n de Prerrogativas y Partidos Pol\u00edticos del INE que ser\u00e1 discutido la tarde este martes, en la que tambi\u00e9n se incluir\u00e1n los pormenores y l\u00edmite de gasto de diputados y senadores, as\u00ed como las caracter\u00edsticas de las coaliciones partidistas.<\/p>\n<p style=\"text-align: justify;\">En tanto, los candidatos presidenciales independientes solo gastar\u00e1n un 10 por ciento de los abanderados por partidos pol\u00edticos, esto es, unos 66 millones de pesos, como financiamiento p\u00fablico.<\/p>\n<p style=\"text-align: justify;\">En la pasada elecci\u00f3n presidencial, en 2018, la bolsa para candidatos presidenciales tuvo el l\u00edmite de 429.2 millones.<\/p>\n<p style=\"text-align: justify;\">Los acuerdos de la comisi\u00f3n ser\u00e1n turnados al an\u00e1lisis y aprobaci\u00f3n del consejo general del INE, cuya sesi\u00f3n extraordinaria est\u00e1 programada para el jueves de esta semana. (La Jornada)<\/p>\n","protected":false},"excerpt":{"rendered":"","protected":false},"author":6,"featured_media":38560,"comment_status":"open","ping_status":"open","sticky":false,"template":"","format":"standard","meta":{"_acf_changed":false,"_monsterinsights_skip_tracking":false,"slim_seo":{"title":"Busca INE 660.9 millones de pesos como tope de gasto de campa\u00f1a presidencial - Opini\u00f3n P\u00fablica","description":"Ciudad de M\u00e9xico .- El Instituto Nacional Electoral (INE) alista el c\u00e1lculo de topes de gasto de campa\u00f1a, que para la elecci\u00f3n presidencial ser\u00e1 de hasta 660 mi"},"footnotes":""},"categories":[3],"tags":[],"class_list":["post-38563","post","type-post","status-publish","format-standard","has-post-thumbnail","hentry","category-principal"],"acf":[],"_links":{"self":[{"href":"https:\/\/www.opinionpublica.tv\/portada\/wp-json\/wp\/v2\/posts\/38563","targetHints":{"allow":["GET"]}}],"collection":[{"href":"https:\/\/www.opinionpublica.tv\/portada\/wp-json\/wp\/v2\/posts"}],"about":[{"href":"https:\/\/www.opinionpublica.tv\/portada\/wp-json\/wp\/v2\/types\/post"}],"author":[{"embeddable":true,"href":"https:\/\/www.opinionpublica.tv\/portada\/wp-json\/wp\/v2\/users\/6"}],"replies":[{"embeddable":true,"href":"https:\/\/www.opinionpublica.tv\/portada\/wp-json\/wp\/v2\/comments?post=38563"}],"version-history":[{"count":0,"href":"https:\/\/www.opinionpublica.tv\/portada\/wp-json\/wp\/v2\/posts\/38563\/revisions"}],"wp:featuredmedia":[{"embeddable":true,"href":"https:\/\/www.opinionpublica.tv\/portada\/wp-json\/wp\/v2\/media\/38560"}],"wp:attachment":[{"href":"https:\/\/www.opinionpublica.tv\/portada\/wp-json\/wp\/v2\/media?parent=38563"}],"wp:term":[{"taxonomy":"category","embeddable":true,"href":"https:\/\/www.opinionpublica.tv\/portada\/wp-json\/wp\/v2\/categories?post=38563"},{"taxonomy":"post_tag","embeddable":true,"href":"https:\/\/www.opinionpublica.tv\/portada\/wp-json\/wp\/v2\/tags?post=38563"}],"curies":[{"name":"wp","href":"https:\/\/api.w.org\/{rel}","templated":true}]}}