{"id":38559,"date":"2023-09-26T06:00:00","date_gmt":"2023-09-26T04:00:00","guid":{"rendered":"https:\/\/www.opinionpublica.tv\/portada\/2023\/09\/26\/ola-de-registros-de-aspirantes-de-morena-en-cdmx-y-4-estados-2\/"},"modified":"2023-09-26T06:00:00","modified_gmt":"2023-09-26T04:00:00","slug":"ola-de-registros-de-aspirantes-de-morena-en-cdmx-y-4-estados-2","status":"publish","type":"post","link":"https:\/\/www.opinionpublica.tv\/portada\/ola-de-registros-de-aspirantes-de-morena-en-cdmx-y-4-estados-2\/","title":{"rendered":"Ola de registros de aspirantes de Morena en CDMX y 4 estados"},"content":{"rendered":"<p><img fetchpriority=\"high\" decoding=\"async\" class=\" size-full wp-image-38557\" src=\"https:\/\/www.opinionpublica.tv\/portada\/wp-content\/uploads\/2023\/09\/fe5be0dd1d1d4c5b21c19619e60b5d99.jpg\" alt=\"\" class=\"caption\" title=\"Omar Garc\u00eda Harfuch ex secretario de Seguridad P\u00fablica de la CDMX.\" width=\"738\" height=\"500\" srcset=\"https:\/\/www.opinionpublica.tv\/portada\/wp-content\/uploads\/2023\/09\/fe5be0dd1d1d4c5b21c19619e60b5d99.jpg 738w, https:\/\/www.opinionpublica.tv\/portada\/wp-content\/uploads\/2023\/09\/fe5be0dd1d1d4c5b21c19619e60b5d99-300x203.jpg 300w\" sizes=\"(max-width: 738px) 100vw, 738px\" \/><br \/>\n<!--more--><\/p>\n<p style=\"text-align: justify;\"><em>Ciudad de M\u00e9xico<\/em>.-\u00a0Ya se abrieron los registros de aspirantes a coordinar los comit\u00e9s de defensa de la Cuarta Transformaci\u00f3n en la Ciudad de M\u00e9xico, Veracruz, Puebla, Tabasco y Morelos, donde el a\u00f1o pr\u00f3ximo se renovar\u00e1n gubernaturas.<\/p>\n<p style=\"text-align: justify;\">En la Ciudad de M\u00e9xico, el primer aspirante registrado fue el ex secretario de Seguridad P\u00fablica, Omar Garc\u00eda Harfuch, as\u00ed como otros cuadros de Morena\u00a0de la capital.<\/p>\n<p style=\"text-align: justify;\">En\u00a0el caso de Veracruz se inscribi\u00f3 en la madrugada Manuel Huerta, delegado de los programas federales del Bienestar, luego de presentar su renuncia al presidente Andr\u00e9s Manuel L\u00f3pez Obrador.<\/p>\n<p style=\"text-align: justify;\">Asimismo, se anot\u00f3 frente a simpatizantes Sergio Guti\u00e9rrez, diputado federal originario de Minatitl\u00e1n, precisamente en esa ciudad, donde asegur\u00f3 que en la competencia \u00abs\u00f3lo hay dos contendientes reales y el \u00fanico veracruzano soy yo\u00bb, en alusi\u00f3n a Roc\u00edo Nahle, secretaria de Energ\u00eda nacida en Zacatecas.<\/p>\n<p style=\"text-align: justify;\">Agreg\u00f3: \u00abQueremos que (la coordinaci\u00f3n estatal de la defensa de la 4T en Veracruz) quede en manos de un veracruzano, y aqu\u00ed est\u00e1 su paisano. Juntos somos un equipo, somos una familia\u00bb. Guti\u00e9rrez sostuvo que ha recorrido su estado en diversas ocasiones, conoce las necesidades y tiene propuestas concretas en temas como empleo, seguridad y tarifas el\u00e9ctricas.<\/p>\n<p style=\"text-align: justify;\">A su vez, seis de los 12 postulantes a la coordinaci\u00f3n de la defensa de la Cuarta Transformaci\u00f3n en Puebla se anotaron ayer, incluida la abogada Rosario Orozco, viuda del ex gobernador Luis Miguel Barbosa.<\/p>\n<p style=\"text-align: justify;\">Tambi\u00e9n solicitaron su inscripci\u00f3n el senador Alejandro Armenta, el diputado federal Ignacio Mier, el ex secretario de Gobernaci\u00f3n estatal Julio Huerta, primo de Barbosa; la ex alcaldesa de la capital poblana Claudia Rivera y Olivia Salom\u00f3n, ex secretaria de Econom\u00eda del estado.<\/p>\n<p style=\"text-align: justify;\">Otros aspirantes poblanos ya anotados son el ex secretario de Educaci\u00f3n Melit\u00f3n Lozano y el ex delegado del Instituto Nacional de Migraci\u00f3n David M\u00e9ndez.<\/p>\n<p style=\"text-align: justify;\">Mientras, el ex director del Fondo Nacional de Fomento al Turismo (Fonatur) y ex secretario de Bienestar Javier May se registr\u00f3 para contender por la coordinaci\u00f3n de la defensa de la Cuarta Transformaci\u00f3n en Tabasco.<\/p>\n<p style=\"text-align: justify;\">Tambi\u00e9n solicitaron su inscripci\u00f3n al proceso el ex alcalde del municipio de Centro (Villahermosa) Evaristo Hern\u00e1ndez, lo mismo que los diputados federales \u00d3scar Cant\u00f3n Zetina y Manuel Rodr\u00edguez.<\/p>\n<p style=\"text-align: justify;\">Adem\u00e1s se esperan los registros de la actual presidenta municipal de la capital tabasque\u00f1a, Yolanda Osuna; de la senadora M\u00f3nica Fern\u00e1ndez, as\u00ed como del ex diputado federal y ex senador Ra\u00fal Ojeda.<\/p>\n<p style=\"text-align: justify;\">Margarita Gonz\u00e1lez, ex titular de la Loter\u00eda Nacional y ex integrante del gabinete del gobernador de Morelos, Cuauht\u00e9moc Blanco; el ex diputado estatal y federal Juan Salgado Brito, la senadora Luc\u00eda Meza y el alcalde de Jiutepec, Rafael Reyes, formalizaron sus aspiraciones a gobernar Morelos.<\/p>\n<p style=\"text-align: justify;\">Gonz\u00e1lez anunci\u00f3 su intenci\u00f3n de competir por la coordinaci\u00f3n de la defensa de la 4T en una conferencia de prensa que ofreci\u00f3 ayer acompa\u00f1ada por el ex diputado perredista Javier Garc\u00eda, el dirigente del Sindicato de Salud en Morelos, Gil Magad\u00e1n; Mario Antonio Caballero, ex director general del Patronato de la Universidad Aut\u00f3noma del Estado de Morelos, y la ex alcaldesa de Jiutepec Silvia Salazar.<\/p>\n<p style=\"text-align: justify;\">Salgado Brito dio a conocer su registro en un video, en el cual asegur\u00f3 a sus seguidores: \u00abQuiero con ustedes hacer historia y seguirla haciendo con el presidente Andr\u00e9s Manuel L\u00f3pez Obrador y con Claudia Sheinbaum\u00bb.<\/p>\n<p style=\"text-align: justify;\"><strong>Sheffield deja Profeco<\/strong><\/p>\n<p style=\"text-align: justify;\">Ricardo Sheffield, titular de la Procuradur\u00eda Federal del Consumidor (Profeco), present\u00f3 su renuncia al cargo con efectos a partir del pr\u00f3ximo 4 de octubre, para competir por segunda ocasi\u00f3n por la gubernatura de su estado, Guanajuato.<\/p>\n<p style=\"text-align: justify;\">En una carta que envi\u00f3 al presidente Andr\u00e9s Manuel L\u00f3pez Obrador, el ex alcalde de Le\u00f3n y ex diputado local y federal, quien sali\u00f3 del Partido Acci\u00f3n Nacional en 2018 para integrarse a Morena, coment\u00f3 que dejar\u00e1 la Profeco el d\u00eda en que se conmemora a San Francisco de As\u00eds, \u00abpersonaje de la historia universal que admiro profundamente y cuyo ejemplo motiva e infunde alegr\u00eda a mi trabajo pol\u00edtico\u00bb. (La Jornada)<\/p>\n","protected":false},"excerpt":{"rendered":"","protected":false},"author":6,"featured_media":38557,"comment_status":"open","ping_status":"open","sticky":false,"template":"","format":"standard","meta":{"_acf_changed":false,"_monsterinsights_skip_tracking":false,"slim_seo":{"title":"Ola de registros de aspirantes de Morena en CDMX y 4 estados - Opini\u00f3n P\u00fablica","description":"Ciudad de M\u00e9xico .-\u00a0Ya se abrieron los registros de aspirantes a coordinar los comit\u00e9s de defensa de la Cuarta Transformaci\u00f3n en la Ciudad de M\u00e9xico, Veracruz,"},"footnotes":""},"categories":[4],"tags":[],"class_list":["post-38559","post","type-post","status-publish","format-standard","has-post-thumbnail","hentry","category-pulsopolitico"],"acf":[],"_links":{"self":[{"href":"https:\/\/www.opinionpublica.tv\/portada\/wp-json\/wp\/v2\/posts\/38559","targetHints":{"allow":["GET"]}}],"collection":[{"href":"https:\/\/www.opinionpublica.tv\/portada\/wp-json\/wp\/v2\/posts"}],"about":[{"href":"https:\/\/www.opinionpublica.tv\/portada\/wp-json\/wp\/v2\/types\/post"}],"author":[{"embeddable":true,"href":"https:\/\/www.opinionpublica.tv\/portada\/wp-json\/wp\/v2\/users\/6"}],"replies":[{"embeddable":true,"href":"https:\/\/www.opinionpublica.tv\/portada\/wp-json\/wp\/v2\/comments?post=38559"}],"version-history":[{"count":0,"href":"https:\/\/www.opinionpublica.tv\/portada\/wp-json\/wp\/v2\/posts\/38559\/revisions"}],"wp:featuredmedia":[{"embeddable":true,"href":"https:\/\/www.opinionpublica.tv\/portada\/wp-json\/wp\/v2\/media\/38557"}],"wp:attachment":[{"href":"https:\/\/www.opinionpublica.tv\/portada\/wp-json\/wp\/v2\/media?parent=38559"}],"wp:term":[{"taxonomy":"category","embeddable":true,"href":"https:\/\/www.opinionpublica.tv\/portada\/wp-json\/wp\/v2\/categories?post=38559"},{"taxonomy":"post_tag","embeddable":true,"href":"https:\/\/www.opinionpublica.tv\/portada\/wp-json\/wp\/v2\/tags?post=38559"}],"curies":[{"name":"wp","href":"https:\/\/api.w.org\/{rel}","templated":true}]}}