{"id":38205,"date":"2023-09-16T06:00:00","date_gmt":"2023-09-16T04:00:00","guid":{"rendered":"https:\/\/www.opinionpublica.tv\/portada\/2023\/09\/16\/difunden-primera-foto-de-ovidio-guzman-al-ser-extraditado-a-eu\/"},"modified":"2023-09-16T06:00:00","modified_gmt":"2023-09-16T04:00:00","slug":"difunden-primera-foto-de-ovidio-guzman-al-ser-extraditado-a-eu","status":"publish","type":"post","link":"https:\/\/www.opinionpublica.tv\/portada\/difunden-primera-foto-de-ovidio-guzman-al-ser-extraditado-a-eu\/","title":{"rendered":"Difunden primera foto de Ovidio Guzm\u00e1n al ser extraditado a EU"},"content":{"rendered":"<p><img fetchpriority=\"high\" decoding=\"async\" class=\" size-full wp-image-38204\" src=\"https:\/\/www.opinionpublica.tv\/portada\/wp-content\/uploads\/2023\/09\/3ea42727712b194c87202fedc7a5b38a.jpg\" alt=\"\" class=\"caption\" title=\"Fue extraditado en el mismo avi\u00f3n donde trasladaron a su padre, Joaqu\u00edn \u201cEl Chapo\u201d Guzm\u00e1n.\" width=\"1095\" height=\"645\" srcset=\"https:\/\/www.opinionpublica.tv\/portada\/wp-content\/uploads\/2023\/09\/3ea42727712b194c87202fedc7a5b38a.jpg 1095w, https:\/\/www.opinionpublica.tv\/portada\/wp-content\/uploads\/2023\/09\/3ea42727712b194c87202fedc7a5b38a-300x177.jpg 300w, https:\/\/www.opinionpublica.tv\/portada\/wp-content\/uploads\/2023\/09\/3ea42727712b194c87202fedc7a5b38a-1024x603.jpg 1024w, https:\/\/www.opinionpublica.tv\/portada\/wp-content\/uploads\/2023\/09\/3ea42727712b194c87202fedc7a5b38a-768x452.jpg 768w\" sizes=\"(max-width: 1095px) 100vw, 1095px\" \/><br \/>\n<!--more--><\/p>\n<p>Derek Maltz, oficial de la Administraci\u00f3n de Control de Drogas (DEA, por sus siglas en ingl\u00e9s), comparti\u00f3 una fotograf\u00eda en donde aparece, esposado y con lentes, Ovidio Guzm\u00e1n L\u00f3pez, hijo de Joaqu\u00edn \u00abEl Chapo\u00bb Guzm\u00e1n, al ser extraditado a Estados Unidos.<\/p>\n<p>En la imagen se aprecia al miembro del c\u00e1rtel de Sinaloa encadenado y esposado en el asiento de un avi\u00f3n, en donde icluso se aprecia un mapa detr\u00e1s de \u00e9l.<\/p>\n<p>\u00abOvidio Guzm\u00e1n, BIENVENIDO A AM\u00c9RICA y disfruta la reuni\u00f3n familiar con tu padre El CHAPO en m\u00e1xima prisi\u00f3n federal de Estados unidos\u00bb, escribi\u00f3 el funcionario estadounidense.<\/p>\n<p>Calific\u00f3 de positivo el traslado, \u00abpero tenga en cuenta que los CDC publicaron las \u00faltimas cifras de muertes por drogas para los 12 meses que terminaron en abril de 2023 en 111, 355. A\u00fan es necesario cerrar las capacidades de producci\u00f3n en M\u00e9xico\u00bb.<\/p>\n<p>Guzm\u00e1n L\u00f3pez fue extraditado en el mismo avi\u00f3n en el que se traslad\u00f3 a su padre, Joaqu\u00edn \u201cEl Chapo\u201d Guzm\u00e1n, a Estados Unidos, en enero de 2017.<\/p>\n<p>Se trata de un Bombardier Challenger 605, matr\u00edcula XB-NWD, propiedad de la Fiscal\u00eda General de la Rep\u00fablica (FGR).<\/p>\n<p>La aeronave despeg\u00f3 a las 11 de la ma\u00f1ana del viernes, del Aeropuerto Internacional de Toluca, Estado de M\u00e9xico, y aterriz\u00f3 pasadas la 17:00 horas en la ciudad de Chicago.<\/p>\n<p>El Bombardier Challenger 605 tambi\u00e9n ha transportado a pol\u00edticos y empresarios requeridos por la justicia mexicana, como Emilio Lozoya, Roberto Borge y el empresario Alonso Ancira. (El Universal)<\/p>\n","protected":false},"excerpt":{"rendered":"","protected":false},"author":6,"featured_media":38204,"comment_status":"open","ping_status":"open","sticky":false,"template":"","format":"standard","meta":{"_acf_changed":false,"_monsterinsights_skip_tracking":false,"slim_seo":{"title":"Difunden primera foto de Ovidio Guzm\u00e1n al ser extraditado a EU - Opini\u00f3n P\u00fablica","description":"Derek Maltz, oficial de la Administraci\u00f3n de Control de Drogas (DEA, por sus siglas en ingl\u00e9s), comparti\u00f3 una fotograf\u00eda en donde aparece, esposado y con lentes"},"footnotes":""},"categories":[4],"tags":[],"class_list":["post-38205","post","type-post","status-publish","format-standard","has-post-thumbnail","hentry","category-pulsopolitico"],"acf":[],"_links":{"self":[{"href":"https:\/\/www.opinionpublica.tv\/portada\/wp-json\/wp\/v2\/posts\/38205","targetHints":{"allow":["GET"]}}],"collection":[{"href":"https:\/\/www.opinionpublica.tv\/portada\/wp-json\/wp\/v2\/posts"}],"about":[{"href":"https:\/\/www.opinionpublica.tv\/portada\/wp-json\/wp\/v2\/types\/post"}],"author":[{"embeddable":true,"href":"https:\/\/www.opinionpublica.tv\/portada\/wp-json\/wp\/v2\/users\/6"}],"replies":[{"embeddable":true,"href":"https:\/\/www.opinionpublica.tv\/portada\/wp-json\/wp\/v2\/comments?post=38205"}],"version-history":[{"count":0,"href":"https:\/\/www.opinionpublica.tv\/portada\/wp-json\/wp\/v2\/posts\/38205\/revisions"}],"wp:featuredmedia":[{"embeddable":true,"href":"https:\/\/www.opinionpublica.tv\/portada\/wp-json\/wp\/v2\/media\/38204"}],"wp:attachment":[{"href":"https:\/\/www.opinionpublica.tv\/portada\/wp-json\/wp\/v2\/media?parent=38205"}],"wp:term":[{"taxonomy":"category","embeddable":true,"href":"https:\/\/www.opinionpublica.tv\/portada\/wp-json\/wp\/v2\/categories?post=38205"},{"taxonomy":"post_tag","embeddable":true,"href":"https:\/\/www.opinionpublica.tv\/portada\/wp-json\/wp\/v2\/tags?post=38205"}],"curies":[{"name":"wp","href":"https:\/\/api.w.org\/{rel}","templated":true}]}}