{"id":38200,"date":"2023-09-16T06:00:00","date_gmt":"2023-09-16T04:00:00","guid":{"rendered":"https:\/\/www.opinionpublica.tv\/portada\/2023\/09\/16\/mas-de-50-mil-juarenses-fueron-al-grito-de-independencia-2\/"},"modified":"2023-09-16T06:00:00","modified_gmt":"2023-09-16T04:00:00","slug":"mas-de-50-mil-juarenses-fueron-al-grito-de-independencia-2","status":"publish","type":"post","link":"https:\/\/www.opinionpublica.tv\/portada\/mas-de-50-mil-juarenses-fueron-al-grito-de-independencia-2\/","title":{"rendered":"M\u00e1s de 65 mil juarenses fueron al Grito de Independencia"},"content":{"rendered":"<p><img fetchpriority=\"high\" decoding=\"async\" class=\" size-full wp-image-38195\" src=\"https:\/\/www.opinionpublica.tv\/portada\/wp-content\/uploads\/2023\/09\/6ace78af56fe1c334e4b34e5f32299b2.jpg\" alt=\"\" class=\"caption\" title=\"Previo a la ceremonia de Independencia se llevaron a cabo los honores a la bandera.\" width=\"1600\" height=\"1066\" srcset=\"https:\/\/www.opinionpublica.tv\/portada\/wp-content\/uploads\/2023\/09\/6ace78af56fe1c334e4b34e5f32299b2.jpg 1600w, https:\/\/www.opinionpublica.tv\/portada\/wp-content\/uploads\/2023\/09\/6ace78af56fe1c334e4b34e5f32299b2-300x200.jpg 300w, https:\/\/www.opinionpublica.tv\/portada\/wp-content\/uploads\/2023\/09\/6ace78af56fe1c334e4b34e5f32299b2-1024x682.jpg 1024w, https:\/\/www.opinionpublica.tv\/portada\/wp-content\/uploads\/2023\/09\/6ace78af56fe1c334e4b34e5f32299b2-768x512.jpg 768w, https:\/\/www.opinionpublica.tv\/portada\/wp-content\/uploads\/2023\/09\/6ace78af56fe1c334e4b34e5f32299b2-1536x1023.jpg 1536w\" sizes=\"(max-width: 1600px) 100vw, 1600px\" \/><br \/>\n<!--more--><\/p>\n<p style=\"text-align: justify;\"><em>Ciudad Ju\u00e1rez, Chih<\/em>.- Con la presencia de m\u00e1s de 50 mil personas, el presidente municipal, Cruz P\u00e9rez Cu\u00e9llar, encabez\u00f3 la ceremonia oficial del Grito de Independencia, en El Punto.<\/p>\n<p style=\"text-align: justify;\">El evento protocolario se llev\u00f3 a cabo a las 10:00 de la noche, en el marco de la conmemoraci\u00f3n del 213 aniversario del inicio de la Independencia de M\u00e9xico.<\/p>\n<p style=\"text-align: justify;\">La escolta del Noveno Regimiento de Caballer\u00eda Motorizado le entreg\u00f3 la bandera de M\u00e9xico al presidente municipal, quien se dirigi\u00f3 al templete donde dio el campanazo para celebrar la independencia de M\u00e9xico.<\/p>\n<p style=\"text-align: justify;\">\u00abMexicanas, mexicanos, viva la Independencia Nacional, vivan los h\u00e9roes que nos dieron patria y libertad, viva Do\u00f1a Josefa Ortiz de Dom\u00ednguez, viva Leona Vicario, viva el indomable pueblo juarense, viva la Heroica Ciudad Ju\u00e1rez, viva Miguel Hidalgo, viva Jos\u00e9 Mar\u00eda Morelos y Pav\u00f3n, viva Ignacio Allende, viva Ignacio Aldama, viva Vicente Guerrero, viva Ju\u00e1rez, viva M\u00e9xico, viva M\u00e9xico, viva M\u00e9xico\u00bb, expres\u00f3 el alcalde.<\/p>\n<p style=\"text-align: justify;\">Previo a la ceremonia se llevaron a cabo los honores a la bandera a cargo de la escolta del Noveno Regimiento de Caballer\u00eda Motorizado.<\/p>\n<p style=\"text-align: justify;\">Las autoridades y los asistentes entonaron el Himno Nacional Mexicano y al t\u00e9rmino, los juarenses disfrutaron de varios minutos de juegos artificiales.<\/p>\n<p style=\"text-align: justify;\">El alcalde estuvo acompa\u00f1ado por su esposa, la presidenta del DIF Municipal, Rub\u00ed Enr\u00edquez; por el Comandante de la Guarnici\u00f3n Militar de la Plaza, General Brigadier Diplomado del Estado Mayor, Jorge Alberto Buchan Mart\u00ednez, adem\u00e1s del secretario del Ayuntamiento, H\u00e9ctor Rafael Ortiz Orpinel.<\/p>\n<p style=\"text-align: justify;\"><strong>Concierto de Remmy Valenzuela<\/strong><\/p>\n<p style=\"text-align: justify;\">Y despu\u00e9s del acto protocolario del Grito de Independencia, el cantante Remmy Valenzuela inici\u00f3 su espect\u00e1culo con la interpretaci\u00f3n de la canci\u00f3n \u00abPor Amor\u00bb, la cual hizo vitorear y gritar de emoci\u00f3n a los miles de juarenses.<\/p>\n<p style=\"text-align: justify;\">Previo al concierto estelar, los asistentes disfrutaron de diversas presentaciones art\u00edsticas que ofrecieron distintos grupos para amenizar los festejos del aniversario de la Independencia de M\u00e9xico.<\/p>\n","protected":false},"excerpt":{"rendered":"","protected":false},"author":6,"featured_media":38195,"comment_status":"open","ping_status":"open","sticky":false,"template":"","format":"standard","meta":{"_acf_changed":false,"_monsterinsights_skip_tracking":false,"slim_seo":{"title":"M\u00e1s de 65 mil juarenses fueron al Grito de Independencia - Opini\u00f3n P\u00fablica","description":"Ciudad Ju\u00e1rez, Chih .- Con la presencia de m\u00e1s de 50 mil personas, el presidente municipal, Cruz P\u00e9rez Cu\u00e9llar, encabez\u00f3 la ceremonia oficial del Grito de Indep"},"footnotes":""},"categories":[41],"tags":[],"class_list":["post-38200","post","type-post","status-publish","format-standard","has-post-thumbnail","hentry","category-juarez"],"acf":[],"_links":{"self":[{"href":"https:\/\/www.opinionpublica.tv\/portada\/wp-json\/wp\/v2\/posts\/38200","targetHints":{"allow":["GET"]}}],"collection":[{"href":"https:\/\/www.opinionpublica.tv\/portada\/wp-json\/wp\/v2\/posts"}],"about":[{"href":"https:\/\/www.opinionpublica.tv\/portada\/wp-json\/wp\/v2\/types\/post"}],"author":[{"embeddable":true,"href":"https:\/\/www.opinionpublica.tv\/portada\/wp-json\/wp\/v2\/users\/6"}],"replies":[{"embeddable":true,"href":"https:\/\/www.opinionpublica.tv\/portada\/wp-json\/wp\/v2\/comments?post=38200"}],"version-history":[{"count":0,"href":"https:\/\/www.opinionpublica.tv\/portada\/wp-json\/wp\/v2\/posts\/38200\/revisions"}],"wp:featuredmedia":[{"embeddable":true,"href":"https:\/\/www.opinionpublica.tv\/portada\/wp-json\/wp\/v2\/media\/38195"}],"wp:attachment":[{"href":"https:\/\/www.opinionpublica.tv\/portada\/wp-json\/wp\/v2\/media?parent=38200"}],"wp:term":[{"taxonomy":"category","embeddable":true,"href":"https:\/\/www.opinionpublica.tv\/portada\/wp-json\/wp\/v2\/categories?post=38200"},{"taxonomy":"post_tag","embeddable":true,"href":"https:\/\/www.opinionpublica.tv\/portada\/wp-json\/wp\/v2\/tags?post=38200"}],"curies":[{"name":"wp","href":"https:\/\/api.w.org\/{rel}","templated":true}]}}