{"id":38189,"date":"2023-09-16T06:00:00","date_gmt":"2023-09-16T04:00:00","guid":{"rendered":"https:\/\/www.opinionpublica.tv\/portada\/2023\/09\/16\/ovidio-guzman-el-raton-es-extraditado-a-estados-unidos-2\/"},"modified":"2023-09-16T06:00:00","modified_gmt":"2023-09-16T04:00:00","slug":"ovidio-guzman-el-raton-es-extraditado-a-estados-unidos-2","status":"publish","type":"post","link":"https:\/\/www.opinionpublica.tv\/portada\/ovidio-guzman-el-raton-es-extraditado-a-estados-unidos-2\/","title":{"rendered":"Ovidio Guzm\u00e1n, hijo de &#8216;El Chapo&#8217;, fue extraditado a Estados Unidos"},"content":{"rendered":"<p><img fetchpriority=\"high\" decoding=\"async\" class=\" size-full wp-image-38186\" src=\"https:\/\/www.opinionpublica.tv\/portada\/wp-content\/uploads\/2023\/09\/0800c65f0ade15153ca0ac25cbc8dd5a.jpg\" alt=\"\" class=\"caption\" title=\"El hijo del Joaqu\u00edn 'El Chapo' Guzm\u00e1n fue notificado de su extradici\u00f3n este viernes.\" width=\"800\" height=\"600\" srcset=\"https:\/\/www.opinionpublica.tv\/portada\/wp-content\/uploads\/2023\/09\/0800c65f0ade15153ca0ac25cbc8dd5a.jpg 800w, https:\/\/www.opinionpublica.tv\/portada\/wp-content\/uploads\/2023\/09\/0800c65f0ade15153ca0ac25cbc8dd5a-300x225.jpg 300w, https:\/\/www.opinionpublica.tv\/portada\/wp-content\/uploads\/2023\/09\/0800c65f0ade15153ca0ac25cbc8dd5a-768x576.jpg 768w\" sizes=\"(max-width: 800px) 100vw, 800px\" \/><br \/>\n<!--more--><\/p>\n<p style=\"text-align: justify;\">Con un operativo sorpresa elementos de la Polic\u00eda Federal Ministerial (FGR) en coordinaci\u00f3n con elementos de la Interpol, el Gobierno de M\u00e9xico extradit\u00f3 a Estados Unidos a Ovidio Guzm\u00e1n L\u00f3pez, \u201cEl Rat\u00f3n\u201d de 33 a\u00f1os de edad e hijo de Joaqu\u00edn \u201cEl Chapo\u201d Guzm\u00e1n.<\/p>\n<p style=\"text-align: justify;\">De acuerdo con fuentes federales de la FGR, el hijo del capo del C\u00e1rtel del Pac\u00edfico fue notificado de su extradici\u00f3n el mediod\u00eda de este viernes 15 de septiembre en su celda del Panel de M\u00e1xima Seguridad del Altiplano, ubicado en Almoloya de Ju\u00e1rez, Estado de M\u00e9xico.<\/p>\n<p style=\"text-align: justify;\">Por su parte, el Fiscal General del Departamento de Justicia de Estados Unidos, Merrick B. Garland confirm\u00f3 la extradici\u00f3n del hijo del capo mexicano.<\/p>\n<p style=\"text-align: justify;\">\u201cHoy, como resultado de la cooperaci\u00f3n policial entre Estados Unidos y M\u00e9xico, Ovidio Guzm\u00e1n L\u00f3pez, l\u00edder del C\u00e1rtel de Sinaloa, fue extraditado a Estados Unidos. Esta acci\u00f3n es el paso m\u00e1s reciente en el esfuerzo del Departamento de Justicia para atacar todos los aspectos de las operaciones del c\u00e1rtel\u201d.<\/p>\n<p style=\"text-align: justify;\">Destac\u00f3 a trav\u00e9s de un comunicado de prensa que la lucha contra los c\u00e1rteles ha implicado un valor incre\u00edble por parte de las fuerzas del orden de Estados Unidos y de los miembros del servicio militar y de las fuerzas del orden mexicanas, muchos de los cuales han dado sus vidas en la b\u00fasqueda de la justicia.<\/p>\n<p style=\"text-align: justify;\">\u201cLes agradezco a ellos y a los fiscales del Departamento por su trabajo y su sacrificio. Tambi\u00e9n agradezco a nuestros hom\u00f3logos del gobierno mexicano por esta extradici\u00f3n. El Departamento de Justicia seguir\u00e1 responsabilizando a los responsables de alimentar la epidemia de opioides que ha devastado demasiadas comunidades en todo el pa\u00eds\u201d.<\/p>\n<p style=\"text-align: justify;\">Alrededor de las 18:00 horas del centro del pa\u00eds, Guzm\u00e1n L\u00f3pez lleg\u00f3 a Chicago, Estados Unidos tras su extradici\u00f3n desde M\u00e9xico, para enfrentar cargos de tr\u00e1fico de drogas, seg\u00fan fuentes.<\/p>\n<p style=\"text-align: justify;\">Ovidio Guzm\u00e1n L\u00f3pez, de 33 a\u00f1os, fue acusado en abril junto con otras dos docenas de personas como parte de una ofensiva contra una red mundial de narcotr\u00e1fico dirigida por el c\u00e1rtel del Pac\u00edfico\/Sinaloa.<\/p>\n<p style=\"text-align: justify;\"><strong>\u00bfDe qu\u00e9 se le acusa a Ovidio Guzm\u00e1n en Estados Unidos?<\/strong><\/p>\n<p style=\"text-align: justify;\">Los cargos por los que acusan a Ovidio Guzm\u00e1n en Estados Unidos son el tr\u00e1fico de precursores qu\u00edmicos enviados desde China para la creaci\u00f3n de drogas sint\u00e9ticas y fentanilo.<\/p>\n<p style=\"text-align: justify;\">Cabe recordar que Guzm\u00e1n L\u00f3pez era buscado por las autoridades estadounidenses desde 2019. El hijo de El Chapo fue capturado en enero de este a\u00f1o durante un operativo en Culiac\u00e1n, Sinaloa, lo que desencaden\u00f3 una jornada de violencia en casi todo el estado.<\/p>\n<p style=\"text-align: justify;\"><em>Con informaci\u00f3n de Exc\u00e9lsior<\/em>.<\/p>\n","protected":false},"excerpt":{"rendered":"","protected":false},"author":6,"featured_media":38186,"comment_status":"open","ping_status":"open","sticky":false,"template":"","format":"standard","meta":{"_acf_changed":false,"_monsterinsights_skip_tracking":false,"slim_seo":{"title":"Ovidio Guzm\u00e1n, hijo de 'El Chapo', fue extraditado a Estados Unidos - Opini\u00f3n P\u00fablica","description":"Con un operativo sorpresa elementos de la Polic\u00eda Federal Ministerial (FGR) en coordinaci\u00f3n con elementos de la Interpol, el Gobierno de M\u00e9xico extradit\u00f3 a Esta"},"footnotes":""},"categories":[11],"tags":[],"class_list":["post-38189","post","type-post","status-publish","format-standard","has-post-thumbnail","hentry","category-tendencias"],"acf":[],"_links":{"self":[{"href":"https:\/\/www.opinionpublica.tv\/portada\/wp-json\/wp\/v2\/posts\/38189","targetHints":{"allow":["GET"]}}],"collection":[{"href":"https:\/\/www.opinionpublica.tv\/portada\/wp-json\/wp\/v2\/posts"}],"about":[{"href":"https:\/\/www.opinionpublica.tv\/portada\/wp-json\/wp\/v2\/types\/post"}],"author":[{"embeddable":true,"href":"https:\/\/www.opinionpublica.tv\/portada\/wp-json\/wp\/v2\/users\/6"}],"replies":[{"embeddable":true,"href":"https:\/\/www.opinionpublica.tv\/portada\/wp-json\/wp\/v2\/comments?post=38189"}],"version-history":[{"count":0,"href":"https:\/\/www.opinionpublica.tv\/portada\/wp-json\/wp\/v2\/posts\/38189\/revisions"}],"wp:featuredmedia":[{"embeddable":true,"href":"https:\/\/www.opinionpublica.tv\/portada\/wp-json\/wp\/v2\/media\/38186"}],"wp:attachment":[{"href":"https:\/\/www.opinionpublica.tv\/portada\/wp-json\/wp\/v2\/media?parent=38189"}],"wp:term":[{"taxonomy":"category","embeddable":true,"href":"https:\/\/www.opinionpublica.tv\/portada\/wp-json\/wp\/v2\/categories?post=38189"},{"taxonomy":"post_tag","embeddable":true,"href":"https:\/\/www.opinionpublica.tv\/portada\/wp-json\/wp\/v2\/tags?post=38189"}],"curies":[{"name":"wp","href":"https:\/\/api.w.org\/{rel}","templated":true}]}}