{"id":38187,"date":"2023-09-16T06:00:00","date_gmt":"2023-09-16T04:00:00","guid":{"rendered":"https:\/\/www.opinionpublica.tv\/portada\/2023\/09\/16\/video-siete-dias-con-el-papa-francisco-3\/"},"modified":"2023-09-16T06:00:00","modified_gmt":"2023-09-16T04:00:00","slug":"video-siete-dias-con-el-papa-francisco-3","status":"publish","type":"post","link":"https:\/\/www.opinionpublica.tv\/portada\/video-siete-dias-con-el-papa-francisco-3\/","title":{"rendered":"Video: Siete d\u00edas con el Papa Francisco"},"content":{"rendered":"<p><img fetchpriority=\"high\" decoding=\"async\" class=\" size-full wp-image-38183\" src=\"https:\/\/www.opinionpublica.tv\/portada\/wp-content\/uploads\/2023\/09\/9f07f61c9df52da344da079b00eeca76.jpg\" alt=\"\" width=\"552\" height=\"306\" srcset=\"https:\/\/www.opinionpublica.tv\/portada\/wp-content\/uploads\/2023\/09\/9f07f61c9df52da344da079b00eeca76.jpg 552w, https:\/\/www.opinionpublica.tv\/portada\/wp-content\/uploads\/2023\/09\/9f07f61c9df52da344da079b00eeca76-300x166.jpg 300w\" sizes=\"(max-width: 552px) 100vw, 552px\" \/><br \/>\n<!--more--><\/p>\n<p style=\"text-align: justify;\"><span class=\"yt-core-attributed-string yt-core-attributed-string--white-space-pre-wrap\"><span class=\"yt-core-attributed-string--link-inherit-color\"><em>Ciudad del Vaticano<\/em>.- Entre las actividades de los \u00faltimos Siete D\u00edas con el Papa Francisco destaca el encuentro que tuvo el Santo Padre con los miembros de la Asociaci\u00f3n B\u00edblica Italiana.<\/span><\/span><\/p>\n<p style=\"text-align: justify;\"><span class=\"yt-core-attributed-string yt-core-attributed-string--white-space-pre-wrap\"><span class=\"yt-core-attributed-string--link-inherit-color\">Asimismo, el encuentro que tuvo con los miembros de la Asociaci\u00f3n de Promoci\u00f3n de la Familia \u201cEncuentro Matrimonial\u201d y sus llamamientos y oraciones por las v\u00edctimas del terremoto en Marruecos y el aluvi\u00f3n que afecto Libia.<\/span><\/span><\/p>\n<p style=\"text-align: justify;\"><span class=\"yt-core-attributed-string yt-core-attributed-string--white-space-pre-wrap\"><span class=\"yt-core-attributed-string--link-inherit-color\">Esta semana el Papa tambi\u00e9n record\u00f3 que se puede llegar a la santidad como lo hizo la familia Ulma en Polonia y el beato venezolano Jos\u00e9 Gregorio Hern\u00e1ndez.<\/span><\/span><\/p>\n<div class=\"k2_video\"><a href=\"https:\/\/www.youtube.com\/watch?v=iPwCLTUPcBU?si=L7N3pNzZTH-Wo-im\">https:\/\/www.youtube.com\/watch?v=iPwCLTUPcBU?si=L7N3pNzZTH-Wo-im<\/a>\n<\/div>\n","protected":false},"excerpt":{"rendered":"","protected":false},"author":6,"featured_media":38183,"comment_status":"open","ping_status":"open","sticky":false,"template":"","format":"standard","meta":{"_acf_changed":false,"_monsterinsights_skip_tracking":false,"slim_seo":{"title":"Video: Siete d\u00edas con el Papa Francisco - Opini\u00f3n P\u00fablica","description":"Ciudad del Vaticano .- Entre las actividades de los \u00faltimos Siete D\u00edas con el Papa Francisco destaca el encuentro que tuvo el Santo Padre con los miembros de la"},"footnotes":""},"categories":[8],"tags":[],"class_list":["post-38187","post","type-post","status-publish","format-standard","has-post-thumbnail","hentry","category-videos"],"acf":[],"_links":{"self":[{"href":"https:\/\/www.opinionpublica.tv\/portada\/wp-json\/wp\/v2\/posts\/38187","targetHints":{"allow":["GET"]}}],"collection":[{"href":"https:\/\/www.opinionpublica.tv\/portada\/wp-json\/wp\/v2\/posts"}],"about":[{"href":"https:\/\/www.opinionpublica.tv\/portada\/wp-json\/wp\/v2\/types\/post"}],"author":[{"embeddable":true,"href":"https:\/\/www.opinionpublica.tv\/portada\/wp-json\/wp\/v2\/users\/6"}],"replies":[{"embeddable":true,"href":"https:\/\/www.opinionpublica.tv\/portada\/wp-json\/wp\/v2\/comments?post=38187"}],"version-history":[{"count":0,"href":"https:\/\/www.opinionpublica.tv\/portada\/wp-json\/wp\/v2\/posts\/38187\/revisions"}],"wp:featuredmedia":[{"embeddable":true,"href":"https:\/\/www.opinionpublica.tv\/portada\/wp-json\/wp\/v2\/media\/38183"}],"wp:attachment":[{"href":"https:\/\/www.opinionpublica.tv\/portada\/wp-json\/wp\/v2\/media?parent=38187"}],"wp:term":[{"taxonomy":"category","embeddable":true,"href":"https:\/\/www.opinionpublica.tv\/portada\/wp-json\/wp\/v2\/categories?post=38187"},{"taxonomy":"post_tag","embeddable":true,"href":"https:\/\/www.opinionpublica.tv\/portada\/wp-json\/wp\/v2\/tags?post=38187"}],"curies":[{"name":"wp","href":"https:\/\/api.w.org\/{rel}","templated":true}]}}