{"id":38139,"date":"2023-09-14T06:00:00","date_gmt":"2023-09-14T04:00:00","guid":{"rendered":"https:\/\/www.opinionpublica.tv\/portada\/2023\/09\/14\/participa-alcalde-en-presentacion-de-la-american-chamber-mexico\/"},"modified":"2023-09-14T06:00:00","modified_gmt":"2023-09-14T04:00:00","slug":"participa-alcalde-en-presentacion-de-la-american-chamber-mexico","status":"publish","type":"post","link":"https:\/\/www.opinionpublica.tv\/portada\/participa-alcalde-en-presentacion-de-la-american-chamber-mexico\/","title":{"rendered":"Participa alcalde en evento de la American Chamber M\u00e9xico"},"content":{"rendered":"<p><img fetchpriority=\"high\" decoding=\"async\" class=\" size-full wp-image-38137\" src=\"https:\/\/www.opinionpublica.tv\/portada\/wp-content\/uploads\/2023\/09\/4cfce36fc7e35f8c2190d159032de5e6.jpg\" alt=\"\" class=\"caption\" title=\"Actualmente la AMCHAM tiene sedes en la Ciudad de M\u00e9xico, Guadalajara y Monterrey.\" width=\"1280\" height=\"854\" srcset=\"https:\/\/www.opinionpublica.tv\/portada\/wp-content\/uploads\/2023\/09\/4cfce36fc7e35f8c2190d159032de5e6.jpg 1280w, https:\/\/www.opinionpublica.tv\/portada\/wp-content\/uploads\/2023\/09\/4cfce36fc7e35f8c2190d159032de5e6-300x200.jpg 300w, https:\/\/www.opinionpublica.tv\/portada\/wp-content\/uploads\/2023\/09\/4cfce36fc7e35f8c2190d159032de5e6-1024x683.jpg 1024w, https:\/\/www.opinionpublica.tv\/portada\/wp-content\/uploads\/2023\/09\/4cfce36fc7e35f8c2190d159032de5e6-768x512.jpg 768w\" sizes=\"(max-width: 1280px) 100vw, 1280px\" \/><br \/>\n<!--more--><\/p>\n<p style=\"text-align: justify;\"><em>Ciudad Ju\u00e1rez, Chih<\/em>.- El presidente municipal, Cruz P\u00e9rez Cu\u00e9llar, particip\u00f3 junto al c\u00f3nsul general adjunto de los Estados Unidos en Ciudad Ju\u00e1rez, Kent May, en una presentaci\u00f3n sobre la pr\u00f3xima apertura de la American Chamber M\u00e9xico (AMCHAM).<\/p>\n<p style=\"text-align: justify;\">El Comit\u00e9 de la C\u00e1mara de Comercio Americana en M\u00e9xico planea la apertura de sus oficinas en el noroeste del pa\u00eds a fin de seguir estableciendo v\u00ednculos comerciales entre empresas.<\/p>\n<p style=\"text-align: justify;\">Actualmente la AMCHAM tiene sedes en la Ciudad de M\u00e9xico, Guadalajara y Monterrey, pero planea abrir nuevas oficinas en el norte del pa\u00eds, por lo que el alcalde les sugiri\u00f3 establecerse en esta frontera.<\/p>\n<p style=\"text-align: justify;\">La organizaci\u00f3n se ubica en m\u00e1s de 100 pa\u00edses y trabaja de la mano con embajadas para promover el comercio.<\/p>\n<p style=\"text-align: justify;\">Chihuahua tiene diversas ventajas estrat\u00e9gicas en innovaci\u00f3n, productividad y desarrollo, por lo que es contemplada para establecer sus oficinas.<\/p>\n<p style=\"text-align: justify;\">P\u00e9rez Cu\u00e9llar mencion\u00f3 que AMCHAM llega en un momento muy oportuno, ya que por primera ocasi\u00f3n M\u00e9xico es superior a China en el tema de exportaci\u00f3n.<\/p>\n<p style=\"text-align: justify;\">\u201cCuenten con el Gobierno Municipal en lo que podamos contribuir, las puertas de Ciudad Ju\u00e1rez est\u00e1n abiertas; adem\u00e1s aqu\u00ed contamos con la mejor mano de obra calificada, lo que es invaluable\u201d, expres\u00f3.<\/p>\n<p style=\"text-align: justify;\">Fidel Casas Alatriste, director general y vicepresidente ejecutivo de la AMCHAM, agradeci\u00f3 la presencia del alcalde y expuso a los empresarios y miembros del Consulado General de los Estados Unidos en Ciudad Ju\u00e1rez, los beneficios de sumarse a la C\u00e1mara de Comercio Americana en M\u00e9xico, pues busca ser la c\u00e1mara con mayor incidencia en pol\u00edtica p\u00fablica a nivel nacional, ya que cuenta con los socios m\u00e1s participativos.<\/p>\n<p style=\"text-align: justify;\">Adem\u00e1s disponen de un centro de inteligencia comercial al que los miembros pueden ingresar para obtener informaci\u00f3n sobre importaci\u00f3n y exportaci\u00f3n; encabezan entre los miembros foros y contactos para capitalizar el nearshoring y trabajan para mejorar el comercio entre M\u00e9xico y Estados Unidos.<\/p>\n","protected":false},"excerpt":{"rendered":"","protected":false},"author":6,"featured_media":38137,"comment_status":"open","ping_status":"open","sticky":false,"template":"","format":"standard","meta":{"_acf_changed":false,"_monsterinsights_skip_tracking":false,"slim_seo":{"title":"Participa alcalde en evento de la American Chamber M\u00e9xico - Opini\u00f3n P\u00fablica","description":"Ciudad Ju\u00e1rez, Chih .- El presidente municipal, Cruz P\u00e9rez Cu\u00e9llar, particip\u00f3 junto al c\u00f3nsul general adjunto de los Estados Unidos en Ciudad Ju\u00e1rez, Kent May,"},"footnotes":""},"categories":[41],"tags":[],"class_list":["post-38139","post","type-post","status-publish","format-standard","has-post-thumbnail","hentry","category-juarez"],"acf":[],"_links":{"self":[{"href":"https:\/\/www.opinionpublica.tv\/portada\/wp-json\/wp\/v2\/posts\/38139","targetHints":{"allow":["GET"]}}],"collection":[{"href":"https:\/\/www.opinionpublica.tv\/portada\/wp-json\/wp\/v2\/posts"}],"about":[{"href":"https:\/\/www.opinionpublica.tv\/portada\/wp-json\/wp\/v2\/types\/post"}],"author":[{"embeddable":true,"href":"https:\/\/www.opinionpublica.tv\/portada\/wp-json\/wp\/v2\/users\/6"}],"replies":[{"embeddable":true,"href":"https:\/\/www.opinionpublica.tv\/portada\/wp-json\/wp\/v2\/comments?post=38139"}],"version-history":[{"count":0,"href":"https:\/\/www.opinionpublica.tv\/portada\/wp-json\/wp\/v2\/posts\/38139\/revisions"}],"wp:featuredmedia":[{"embeddable":true,"href":"https:\/\/www.opinionpublica.tv\/portada\/wp-json\/wp\/v2\/media\/38137"}],"wp:attachment":[{"href":"https:\/\/www.opinionpublica.tv\/portada\/wp-json\/wp\/v2\/media?parent=38139"}],"wp:term":[{"taxonomy":"category","embeddable":true,"href":"https:\/\/www.opinionpublica.tv\/portada\/wp-json\/wp\/v2\/categories?post=38139"},{"taxonomy":"post_tag","embeddable":true,"href":"https:\/\/www.opinionpublica.tv\/portada\/wp-json\/wp\/v2\/tags?post=38139"}],"curies":[{"name":"wp","href":"https:\/\/api.w.org\/{rel}","templated":true}]}}