{"id":38136,"date":"2023-09-14T06:00:00","date_gmt":"2023-09-14T04:00:00","guid":{"rendered":"https:\/\/www.opinionpublica.tv\/portada\/2023\/09\/14\/concluye-convocatoria-mis-xv-un-sueno-hecho-realidad\/"},"modified":"2023-09-14T06:00:00","modified_gmt":"2023-09-14T04:00:00","slug":"concluye-convocatoria-mis-xv-un-sueno-hecho-realidad","status":"publish","type":"post","link":"https:\/\/www.opinionpublica.tv\/portada\/concluye-convocatoria-mis-xv-un-sueno-hecho-realidad\/","title":{"rendered":"Por concluir convocatoria &#8216;Mis XV, un Sue\u00f1o Hecho Realidad&#8217;"},"content":{"rendered":"<p><img fetchpriority=\"high\" decoding=\"async\" class=\" size-full wp-image-38135\" src=\"https:\/\/www.opinionpublica.tv\/portada\/wp-content\/uploads\/2023\/09\/720448ddfcef7ec897fe8688f91185dd.jpg\" alt=\"\" class=\"caption\" title=\"El festejo se dividir\u00e1 en dos eventos de 50 quincea\u00f1eras por cada uno de ellos.\" width=\"453\" height=\"255\" srcset=\"https:\/\/www.opinionpublica.tv\/portada\/wp-content\/uploads\/2023\/09\/720448ddfcef7ec897fe8688f91185dd.jpg 453w, https:\/\/www.opinionpublica.tv\/portada\/wp-content\/uploads\/2023\/09\/720448ddfcef7ec897fe8688f91185dd-300x169.jpg 300w\" sizes=\"(max-width: 453px) 100vw, 453px\" \/><br \/>\n<!--more--><\/p>\n<p style=\"text-align: justify;\"><em>Ciudad Ju\u00e1rez, Chih<\/em>.- La convocatoria para participar en \u201cMis XV, un Sue\u00f1o Hecho Realidad\u201d concluye viernes, por lo que la Direcci\u00f3n de Educaci\u00f3n Municipal, invita a las jovencitas a registrarse lo m\u00e1s pronto posible, a fin de beneficiarse con este proyecto.<\/p>\n<p style=\"text-align: justify;\">Martha Aracely Gonz\u00e1lez Holgu\u00edn, titular de la dependencia, inform\u00f3 que hasta el momento se han inscrito alrededor de 70 ni\u00f1as y espera que entre y hoy y ma\u00f1ana se registre el resto de las beneficiadas, ya que la idea es llegar a 100.<\/p>\n<p style=\"text-align: justify;\">Dijo que la convocatoria est\u00e1 dirigida a todas las j\u00f3venes que no cuentan con recursos econ\u00f3micos y que cumplen 15 a\u00f1os durante este 2023, es decir, desde el 1 de enero y hasta el 31 de diciembre.<\/p>\n<p style=\"text-align: justify;\">\u201cLas invitamos a que participen, ser\u00e1 un evento importante porque est\u00e1 enfocado a cumplir el sue\u00f1o de ni\u00f1as que por alguna situaci\u00f3n sus familias no les pudieron hacer la fiesta de XV a\u00f1os\u201d, mencion\u00f3.<\/p>\n<p style=\"text-align: justify;\">El festejo se dividir\u00e1 en dos eventos de 50 quincea\u00f1eras por cada uno de ellos, sin embargo, si no se logra la cantidad indicada, el evento ser\u00e1 \u00fanicamente uno, explic\u00f3 Gonz\u00e1lez Holgu\u00edn.<\/p>\n<p style=\"text-align: justify;\">Dijo que el primer festejo se planea para el 26 de octubre en el sal\u00f3n del Sindicato \u00danico de Trabajadores al Servicio del Municipio.<\/p>\n<p style=\"text-align: justify;\">Mencion\u00f3 que las quincea\u00f1eras tendr\u00e1n su vestido, peinado, vals, fotograf\u00edas y lo que requieran para su fiesta, adem\u00e1s, cada una podr\u00e1 llevar a cuatro invitados.<\/p>\n<p style=\"text-align: justify;\">Los registros se llevan a cabo en la Direcci\u00f3n de Educaci\u00f3n Municipal ubicada en la calle Ignacio Ram\u00edrez, a un costado del Parque Borunda, de lunes a viernes de 8:00 de la ma\u00f1ana a 2:00 de la tarde.<\/p>\n<p style=\"text-align: justify;\">Los requisitos son presentar un oficio solicitud de la escuela con el sello y firma del director o directora, as\u00ed como el acta de nacimiento de las estudiantes y la carta \u00abMi sue\u00f1o hecho realidad\u00bb, donde narrar\u00e1n su historia y la forma como se imaginan su fiesta de XV a\u00f1os.<\/p>\n<p style=\"text-align: justify;\">\u00abLas pueden registrar el pap\u00e1 o mam\u00e1, no necesariamente los directores, solo que lleven la constancia de la escuela\u00bb, se\u00f1al\u00f3 la titular de Educaci\u00f3n.<\/p>\n<p style=\"text-align: justify;\">Indic\u00f3 que en caso de no poder registrarse a tiempo, pueden buscarla en la oficina, pues la dependencia estar\u00e1 abierta a recibir a las adolescentes.<\/p>\n","protected":false},"excerpt":{"rendered":"","protected":false},"author":6,"featured_media":38135,"comment_status":"open","ping_status":"open","sticky":false,"template":"","format":"standard","meta":{"_acf_changed":false,"_monsterinsights_skip_tracking":false,"slim_seo":{"title":"Por concluir convocatoria 'Mis XV, un Sue\u00f1o Hecho Realidad' - Opini\u00f3n P\u00fablica","description":"Ciudad Ju\u00e1rez, Chih .- La convocatoria para participar en \u201cMis XV, un Sue\u00f1o Hecho Realidad\u201d concluye viernes, por lo que la Direcci\u00f3n de Educaci\u00f3n Municipal, in"},"footnotes":""},"categories":[41],"tags":[],"class_list":["post-38136","post","type-post","status-publish","format-standard","has-post-thumbnail","hentry","category-juarez"],"acf":[],"_links":{"self":[{"href":"https:\/\/www.opinionpublica.tv\/portada\/wp-json\/wp\/v2\/posts\/38136","targetHints":{"allow":["GET"]}}],"collection":[{"href":"https:\/\/www.opinionpublica.tv\/portada\/wp-json\/wp\/v2\/posts"}],"about":[{"href":"https:\/\/www.opinionpublica.tv\/portada\/wp-json\/wp\/v2\/types\/post"}],"author":[{"embeddable":true,"href":"https:\/\/www.opinionpublica.tv\/portada\/wp-json\/wp\/v2\/users\/6"}],"replies":[{"embeddable":true,"href":"https:\/\/www.opinionpublica.tv\/portada\/wp-json\/wp\/v2\/comments?post=38136"}],"version-history":[{"count":0,"href":"https:\/\/www.opinionpublica.tv\/portada\/wp-json\/wp\/v2\/posts\/38136\/revisions"}],"wp:featuredmedia":[{"embeddable":true,"href":"https:\/\/www.opinionpublica.tv\/portada\/wp-json\/wp\/v2\/media\/38135"}],"wp:attachment":[{"href":"https:\/\/www.opinionpublica.tv\/portada\/wp-json\/wp\/v2\/media?parent=38136"}],"wp:term":[{"taxonomy":"category","embeddable":true,"href":"https:\/\/www.opinionpublica.tv\/portada\/wp-json\/wp\/v2\/categories?post=38136"},{"taxonomy":"post_tag","embeddable":true,"href":"https:\/\/www.opinionpublica.tv\/portada\/wp-json\/wp\/v2\/tags?post=38136"}],"curies":[{"name":"wp","href":"https:\/\/api.w.org\/{rel}","templated":true}]}}