{"id":38133,"date":"2023-09-14T06:00:00","date_gmt":"2023-09-14T04:00:00","guid":{"rendered":"https:\/\/www.opinionpublica.tv\/portada\/2023\/09\/14\/video-los-asesinos-de-la-luna-trailer-oficial-2023-leonardo-dicaprio\/"},"modified":"2023-09-14T06:00:00","modified_gmt":"2023-09-14T04:00:00","slug":"video-los-asesinos-de-la-luna-trailer-oficial-2023-leonardo-dicaprio","status":"publish","type":"post","link":"https:\/\/www.opinionpublica.tv\/portada\/video-los-asesinos-de-la-luna-trailer-oficial-2023-leonardo-dicaprio\/","title":{"rendered":"Video: Los Asesinos De La Luna | Tr\u00e1iler oficial 2023 | Leonardo DiCaprio"},"content":{"rendered":"<p><img fetchpriority=\"high\" decoding=\"async\" class=\" size-full wp-image-38132\" src=\"https:\/\/www.opinionpublica.tv\/portada\/wp-content\/uploads\/2023\/09\/9a9710a8c9727a695c278b697698bc63.jpg\" alt=\"\" width=\"554\" height=\"307\" srcset=\"https:\/\/www.opinionpublica.tv\/portada\/wp-content\/uploads\/2023\/09\/9a9710a8c9727a695c278b697698bc63.jpg 554w, https:\/\/www.opinionpublica.tv\/portada\/wp-content\/uploads\/2023\/09\/9a9710a8c9727a695c278b697698bc63-300x166.jpg 300w\" sizes=\"(max-width: 554px) 100vw, 554px\" \/><br \/>\n<!--more--><\/p>\n<p style=\"text-align: justify;\">Los Asesinos De La Luna,\u00a0la nueva\u00a0pel\u00edcula dram\u00e1tica de Martin Scorsese, con Leonardo DiCaprio, Robert De Niro y Jesse Plemons.<\/p>\n<div class=\"k2_video\"><a href=\"https:\/\/www.youtube.com\/watch?v=57yrWZt5z2g?si=7qjn5McZO5J-25WB\">https:\/\/www.youtube.com\/watch?v=57yrWZt5z2g?si=7qjn5McZO5J-25WB<\/a>\n<\/div>\n","protected":false},"excerpt":{"rendered":"","protected":false},"author":6,"featured_media":38132,"comment_status":"open","ping_status":"open","sticky":false,"template":"","format":"standard","meta":{"_acf_changed":false,"_monsterinsights_skip_tracking":false,"slim_seo":{"title":"Video: Los Asesinos De La Luna | Tr\u00e1iler oficial 2023 | Leonardo DiCaprio - Opini\u00f3n P\u00fablica","description":"Los Asesinos De La Luna,\u00a0la nueva\u00a0pel\u00edcula dram\u00e1tica de Martin Scorsese, con Leonardo DiCaprio, Robert De Niro y Jesse Plemons."},"footnotes":""},"categories":[8],"tags":[],"class_list":["post-38133","post","type-post","status-publish","format-standard","has-post-thumbnail","hentry","category-videos"],"acf":[],"_links":{"self":[{"href":"https:\/\/www.opinionpublica.tv\/portada\/wp-json\/wp\/v2\/posts\/38133","targetHints":{"allow":["GET"]}}],"collection":[{"href":"https:\/\/www.opinionpublica.tv\/portada\/wp-json\/wp\/v2\/posts"}],"about":[{"href":"https:\/\/www.opinionpublica.tv\/portada\/wp-json\/wp\/v2\/types\/post"}],"author":[{"embeddable":true,"href":"https:\/\/www.opinionpublica.tv\/portada\/wp-json\/wp\/v2\/users\/6"}],"replies":[{"embeddable":true,"href":"https:\/\/www.opinionpublica.tv\/portada\/wp-json\/wp\/v2\/comments?post=38133"}],"version-history":[{"count":0,"href":"https:\/\/www.opinionpublica.tv\/portada\/wp-json\/wp\/v2\/posts\/38133\/revisions"}],"wp:featuredmedia":[{"embeddable":true,"href":"https:\/\/www.opinionpublica.tv\/portada\/wp-json\/wp\/v2\/media\/38132"}],"wp:attachment":[{"href":"https:\/\/www.opinionpublica.tv\/portada\/wp-json\/wp\/v2\/media?parent=38133"}],"wp:term":[{"taxonomy":"category","embeddable":true,"href":"https:\/\/www.opinionpublica.tv\/portada\/wp-json\/wp\/v2\/categories?post=38133"},{"taxonomy":"post_tag","embeddable":true,"href":"https:\/\/www.opinionpublica.tv\/portada\/wp-json\/wp\/v2\/tags?post=38133"}],"curies":[{"name":"wp","href":"https:\/\/api.w.org\/{rel}","templated":true}]}}