{"id":38129,"date":"2023-09-14T06:00:00","date_gmt":"2023-09-14T04:00:00","guid":{"rendered":"https:\/\/www.opinionpublica.tv\/portada\/2023\/09\/14\/efemerides-14-de-septiembre-6\/"},"modified":"2023-09-14T06:00:00","modified_gmt":"2023-09-14T04:00:00","slug":"efemerides-14-de-septiembre-6","status":"publish","type":"post","link":"https:\/\/www.opinionpublica.tv\/portada\/efemerides-14-de-septiembre-6\/","title":{"rendered":"Efem\u00e9rides 14 de septiembre"},"content":{"rendered":"<img fetchpriority=\"high\" decoding=\"async\" class=\" size-full wp-image-38128\" src=\"https:\/\/www.opinionpublica.tv\/portada\/wp-content\/uploads\/2023\/09\/2f13a583dece1618b01bea3d585a5aa8.jpg\" alt=\"\" class=\"caption\" title=\"La bomba at\u00f3mica en Orenburg permiti\u00f3 estudiar los efectos de la radiaci\u00f3n en los seres humanos.\" width=\"284\" height=\"177\" \/>\n<p style=\"text-align: justify;\">En otro 14 de septiembre, pero de 1954, un avi\u00f3n militar sovi\u00e9tico lanza una bomba at\u00f3mica en Orenburg, al sur de los montes Urales, un ensayo nuclear para estudiar los efectos de las radiaciones sobre los seres humanos.<\/p>\n<p><!--more--><\/p>\n<p style=\"text-align: justify;\"><strong>Otras efem\u00e9rides<\/strong><\/p>\n<p style=\"text-align: justify;\">1791.- El rey Luis XVI acepta la primera Constituci\u00f3n escrita de la historia de Francia bajo presi\u00f3n de la Asamblea Nacional que la hab\u00eda promulgado dos a\u00f1os antes.<\/p>\n<p style=\"text-align: justify;\">1791.- El rey Luis XVI acepta la primera Constituci\u00f3n escrita de la historia de Francia bajo presi\u00f3n de la Asamblea Nacional que la hab\u00eda promulgado dos a\u00f1os antes.<\/p>\n<p style=\"text-align: justify;\">1810.- Estalla en Cochabamba el primer levantamiento revolucionario producido en el Alto Per\u00fa (actual Bolivia) contra las autoridades espa\u00f1olas.<\/p>\n<p style=\"text-align: justify;\">1812.- El ej\u00e9rcito de Napole\u00f3n Bonaparte entra en Mosc\u00fa, una ciudad fantasma vaciada de suministros e incendiada por los propios rusos, que posteriormente causa la retirada de los franceses.<\/p>\n<p style=\"text-align: justify;\">1822.- El historiador franc\u00e9s Jean-Francois Champollion, considerado el padre de la egiptolog\u00eda, descifra la escritura jerogl\u00edfica de la piedra de Rosetta.<\/p>\n<p style=\"text-align: justify;\">1829.- Los imperios ruso y otomano firman el Tratado de Edirne o Adrian\u00f3polis por el que se pone fin a la guerra con una cl\u00e1usula que conced\u00eda a Grecia la independencia frente a los turcos.<\/p>\n<p style=\"text-align: justify;\">1847.- Guerra EEUU-M\u00e9xico: Tropas estadounidenses toman Ciudad de M\u00e9xico.<\/p>\n<p style=\"text-align: justify;\">1886.- George K. Anderson patenta la primera cinta entintada para m\u00e1quinas de escribir en Memphis (EE.UU.).<\/p>\n<p style=\"text-align: justify;\">1901.- Theodore Roosevelt se convierte con 42 a\u00f1os en el presidente m\u00e1s joven de la historia de los Estados Unidos tras el asesinato de su predecesor, William McKinley.<\/p>\n<p style=\"text-align: justify;\">1906.- Tropas estadounidenses desembarcan en La Habana.<\/p>\n<p style=\"text-align: justify;\">1911.- El primer ministro ruso, Piotr Stolypin, es tiroteado en el Teatro de la \u00d3pera de Kiev por el revolucionario Dmitri Bogrov y fallece a los cuatro d\u00edas.<\/p>\n<p style=\"text-align: justify;\">1917.- El gobierno provisional de Aleksandr K\u00e9renski, que derroc\u00f3 al zar Nicolas II en Rusia, proclama formalmente la Rep\u00fablica como forma de Estado (calendario juliano).<\/p>\n<p style=\"text-align: justify;\">1930.- La lista socialdem\u00f3crata es la m\u00e1s votada en las elecciones federales de Alemania, pero el Partido Nazi sube 95 esca\u00f1os y se convierte en la segunda fuerza del Parlamento.<\/p>\n<p style=\"text-align: justify;\">1936.- Firma de un pacto de amistad entre Per\u00fa y Bolivia.<\/p>\n<p style=\"text-align: justify;\">1944.- Maastricht se convierte en la primera ciudad neerlandesa que es liberada por fuerzas aliadas durante la Segunda Guerra Mundial.<\/p>\n<p style=\"text-align: justify;\">1950.- Promulgaci\u00f3n de una nueva Constituci\u00f3n en El Salvador. El coronel Oscar Osorio es elegido presidente del pa\u00eds.<\/p>\n<p style=\"text-align: justify;\">1955.- El m\u00fasico estadounidense Little Richard graba \u00abTutti Frutti\u00bb, una de las canciones m\u00e1s emblem\u00e1ticas de la m\u00fasica rock.<\/p>\n<p style=\"text-align: justify;\">1959.- La sonda espacial sovi\u00e9tica no tripulada \u00abLuna 2\u00bb choca contra la superficie lunar y se convierte en la primera nave en alcanzar la Luna.<\/p>\n<p style=\"text-align: justify;\">1960.- Se funda en Bagdad la Organizaci\u00f3n de Pa\u00edses Exportadores de Petr\u00f3leo (OPEP).<\/p>\n<p style=\"text-align: justify;\">1964.- Eduardo Frei es elegido presidente de Chile.<\/p>\n<p style=\"text-align: justify;\">1975.- Pablo VI canoniza a Elizabeth Ann Seton, la primera santa cat\u00f3lica nacida en Estados Unidos.<\/p>\n<p style=\"text-align: justify;\">1979.- El presidente de Afganist\u00e1n, Nur Mohammed Taraki, es derrocado por un golpe de Estado organizado por su primer ministro, Hafizullah Am\u00edn.<\/p>\n<p style=\"text-align: justify;\">1979.- La pel\u00edcula brit\u00e1nica Quadrophenia, basada en la \u00f3pera rock de The Who y referencia del movimiento mod, se estrena en el Festival Internacional de Toronto.<\/p>\n<p style=\"text-align: justify;\">1982.- La actriz estadounidense y princesa de M\u00f3naco, Grace Kelly, fallece tras haber sufrido un accidente de tr\u00e1fico en el Principado el d\u00eda anterior.<\/p>\n<p style=\"text-align: justify;\">1982.- El presidente del L\u00edbano, Bechir Gemayel, es asesinado en un atentado en Beirut por un extremista contrario a su pol\u00edtica en Oriente Pr\u00f3ximo.<\/p>\n<p style=\"text-align: justify;\">1996.- Las primeras elecciones generales celebradas en Bosnia y Herzegovina tras cuatro a\u00f1os de guerra civil dan la victoria al Partido de Acci\u00f3n Democr\u00e1tica.<\/p>\n<p style=\"text-align: justify;\">1999.- Entra en acci\u00f3n en Colombia la primera unidad antidrogas adiestrada en Estados Unidos.<\/p>\n<p style=\"text-align: justify;\">2000.- Se difunde un v\u00eddeo en el que Vladimiro Montesinos, principal asesor del presidente peruano Alberto Fujimori, soborna a un congresista opositor.<\/p>\n<p style=\"text-align: justify;\">2000.- Microsoft lanza la \u00faltima versi\u00f3n estable del MS-DOS, un sistema operativo creado 20 a\u00f1os antes y que domin\u00f3 el mercado de los ordenadores personales.<\/p>\n<p style=\"text-align: justify;\">2002.- Ramzi Binalshibh, destacado miembro de Al Qaeda y presunto \u00abcerebro\u00bb de los atentados del 11-S en EE.UU., es detenido en Karachi (Pakist\u00e1n).<\/p>\n<p style=\"text-align: justify;\">2003.- La mayor\u00eda de la ciudadan\u00eda sueca rechaza en refer\u00e9ndum la adopci\u00f3n del euro, la moneda \u00fanica europea.<\/p>\n<p style=\"text-align: justify;\">2003.- Estonia aprueba en refer\u00e9ndum su adhesi\u00f3n a la Uni\u00f3n Europea.<\/p>\n<p style=\"text-align: justify;\">2005.- La Corte Suprema chilena desafora, por tercera vez, a Augusto Pinochet por su responsabilidad en quince secuestros de la \u00abOperaci\u00f3n Colombo\u00bb.<\/p>\n<p style=\"text-align: justify;\">2006.- El vicegobernador primero del Banco Central de Rusia, Andr\u00e9i Kozlov, muri\u00f3 en Mosc\u00fa tras sufrir un atentado la noche anterior.<\/p>\n<p style=\"text-align: justify;\">2010.- Francia prohibe la burka isl\u00e1mica en todos los espacios p\u00fablicos y ser convierte en el primer pa\u00eds europeo que aplica esta medida.<\/p>\n<p style=\"text-align: justify;\">2017.- Corea del Norte lanza un nuevo misil de alcance intermedio desde las afueras de Pyongyang que sobrevuela el norte de Jap\u00f3n.<\/p>\n<p style=\"text-align: justify;\">2017.- Halimah Yacob se convierte en la primera mujer que preside Singapur.<\/p>\n<p style=\"text-align: justify;\"><strong>Nacimientos<\/strong><\/p>\n<p style=\"text-align: justify;\">1580.- Francisco de Quevedo, escritor espa\u00f1ol del Siglo de Oro.<\/p>\n<p style=\"text-align: justify;\">1769.- Alejandro von Humboldt, naturalista alem\u00e1n.<\/p>\n<p style=\"text-align: justify;\">1879.- Margaret Sanger, feminista estadounidense.<\/p>\n<p style=\"text-align: justify;\">1920.- Mario Benedetti, escritor uruguayo.<\/p>\n<p style=\"text-align: justify;\">1929.- Larry Collins, escritor estadounidense.<\/p>\n<p style=\"text-align: justify;\">1968.- Ara Malikian, violinista liban\u00e9s de ascendencia armenia.<\/p>\n<p style=\"text-align: justify;\">1972.- Catalina Joanna Zita Sof\u00eda de Habsburgo Lorena, archiduquesa de Austria.<\/p>\n<p style=\"text-align: justify;\">1983.- Amy Winehouse, cantante brit\u00e1nica.<\/p>\n<p style=\"text-align: justify;\">1997.- Benjamin Ingrosso, cantante y compositor sueco.<\/p>\n<p style=\"text-align: justify;\"><strong>Defunciones<\/strong><\/p>\n<p style=\"text-align: justify;\">1321.- Dante Alighieri, poeta italiano.<\/p>\n<p style=\"text-align: justify;\">1852.- Arthur Wellesley, duque de Wellington, militar brit\u00e1nico.<\/p>\n<p style=\"text-align: justify;\">1916.- Jos\u00e9 Echegaray, escritor espa\u00f1ol, Nobel de Literatura.<\/p>\n<p style=\"text-align: justify;\">1927.- Isadora Duncan, bailarina y actriz estadounidense.<\/p>\n<p style=\"text-align: justify;\">1979.- Pastora Imperio, bailaora y cantaora espa\u00f1ola.<\/p>\n<p style=\"text-align: justify;\">1982.- Grace Kelly, actriz estadounidense y princesa de M\u00f3naco.<\/p>\n<p style=\"text-align: justify;\">1989.- D\u00e1maso P\u00e9rez Prado, m\u00fasico y compositor cubano.<\/p>\n<p style=\"text-align: justify;\">2005.- Robert Wise, cineasta estadounidense.<\/p>\n<p style=\"text-align: justify;\">2009.- Patrick Swayze, actor estadounidense.<\/p>\n<p style=\"text-align: justify;\">2020.- Yoshihide Suga, pol\u00edtico japon\u00e9s.<\/p>\n<p style=\"text-align: justify;\">2022.- Irene Papas, actriz griega.<\/p>\n","protected":false},"excerpt":{"rendered":"<p>En otro 14 de septiembre, pero de 1954, un avi\u00f3n militar sovi\u00e9tico lanza una bomba at\u00f3mica en Orenburg, al sur de los montes Urales, un ensayo nuclear para estudiar los efectos de las radiaciones sobre los seres humanos.<\/p>\n","protected":false},"author":6,"featured_media":38128,"comment_status":"open","ping_status":"open","sticky":false,"template":"","format":"standard","meta":{"_acf_changed":false,"_monsterinsights_skip_tracking":false,"slim_seo":{"title":"Efem\u00e9rides 14 de septiembre - Opini\u00f3n P\u00fablica","description":"En otro 14 de septiembre, pero de 1954, un avi\u00f3n militar sovi\u00e9tico lanza una bomba at\u00f3mica en Orenburg, al sur de los montes Urales, un ensayo nuclear para estu"},"footnotes":""},"categories":[27],"tags":[],"class_list":["post-38129","post","type-post","status-publish","format-standard","has-post-thumbnail","hentry","category-un-dia-como-hoy"],"acf":[],"_links":{"self":[{"href":"https:\/\/www.opinionpublica.tv\/portada\/wp-json\/wp\/v2\/posts\/38129","targetHints":{"allow":["GET"]}}],"collection":[{"href":"https:\/\/www.opinionpublica.tv\/portada\/wp-json\/wp\/v2\/posts"}],"about":[{"href":"https:\/\/www.opinionpublica.tv\/portada\/wp-json\/wp\/v2\/types\/post"}],"author":[{"embeddable":true,"href":"https:\/\/www.opinionpublica.tv\/portada\/wp-json\/wp\/v2\/users\/6"}],"replies":[{"embeddable":true,"href":"https:\/\/www.opinionpublica.tv\/portada\/wp-json\/wp\/v2\/comments?post=38129"}],"version-history":[{"count":0,"href":"https:\/\/www.opinionpublica.tv\/portada\/wp-json\/wp\/v2\/posts\/38129\/revisions"}],"wp:featuredmedia":[{"embeddable":true,"href":"https:\/\/www.opinionpublica.tv\/portada\/wp-json\/wp\/v2\/media\/38128"}],"wp:attachment":[{"href":"https:\/\/www.opinionpublica.tv\/portada\/wp-json\/wp\/v2\/media?parent=38129"}],"wp:term":[{"taxonomy":"category","embeddable":true,"href":"https:\/\/www.opinionpublica.tv\/portada\/wp-json\/wp\/v2\/categories?post=38129"},{"taxonomy":"post_tag","embeddable":true,"href":"https:\/\/www.opinionpublica.tv\/portada\/wp-json\/wp\/v2\/tags?post=38129"}],"curies":[{"name":"wp","href":"https:\/\/api.w.org\/{rel}","templated":true}]}}