{"id":38122,"date":"2023-09-14T06:00:00","date_gmt":"2023-09-14T04:00:00","guid":{"rendered":"https:\/\/www.opinionpublica.tv\/portada\/2023\/09\/14\/inaugura-estado-aula-hospitalaria-en-imss-35-de-ciudad-juarez\/"},"modified":"2023-09-14T06:00:00","modified_gmt":"2023-09-14T04:00:00","slug":"inaugura-estado-aula-hospitalaria-en-imss-35-de-ciudad-juarez","status":"publish","type":"post","link":"https:\/\/www.opinionpublica.tv\/portada\/inaugura-estado-aula-hospitalaria-en-imss-35-de-ciudad-juarez\/","title":{"rendered":"Inaugura Estado una aula hospitalaria en la Cl\u00ednica IMSS 35 de Ciudad Ju\u00e1rez"},"content":{"rendered":"<p><img fetchpriority=\"high\" decoding=\"async\" class=\" size-full wp-image-38121\" src=\"https:\/\/www.opinionpublica.tv\/portada\/wp-content\/uploads\/2023\/09\/da0ea2fb62714dccdd7d35c69748bf88.jpg\" alt=\"\" class=\"caption\" title=\"Esta aula ser\u00e1 para estudiantes que son atendidos debido a situaciones de salud en el IMSS.\" width=\"600\" height=\"399\" srcset=\"https:\/\/www.opinionpublica.tv\/portada\/wp-content\/uploads\/2023\/09\/da0ea2fb62714dccdd7d35c69748bf88.jpg 600w, https:\/\/www.opinionpublica.tv\/portada\/wp-content\/uploads\/2023\/09\/da0ea2fb62714dccdd7d35c69748bf88-300x200.jpg 300w\" sizes=\"(max-width: 600px) 100vw, 600px\" \/><br \/>\n<!--more--><\/p>\n<p style=\"text-align: justify;\"><em>Ciudad Ju\u00e1rez, Chih<\/em>.- Con el objetivo de evitar el rezago educativo por enfermedad, la Secretar\u00eda de Educaci\u00f3n y Deporte (SEyD), en coordinaci\u00f3n con la Secretar\u00eda de Salud, inaugur\u00f3 la primera aula hospitalaria \u201cSigamos Aprendiendo\u201d en la Cl\u00ednica 35 del IMSS en Ciudad Ju\u00e1rez.<\/p>\n<p style=\"text-align: justify;\">Este espacio opera bajo la modalidad que el Departamento de Educaci\u00f3n Especial ya implementa en la ciudad de Chihuahua, en la que se brinda educaci\u00f3n a estudiantes que son atendidos debido a enfermedades o situaciones de salud, y que los mantienen en el hospital por temporadas prolongadas y\/o recurrentes.<\/p>\n<p style=\"text-align: justify;\">Con el prop\u00f3sito de que las alumnas y alumnos contin\u00faen con el aprendizaje de la mejor manera posible, el personal de Educaci\u00f3n Especial establece un lazo de comunicaci\u00f3n con la escuela regular a la que el paciente pertenece, gracias a lo cual se le brinda continuidad a su plan de estudio.<\/p>\n<p style=\"text-align: justify;\">La Unidad de Servicio de Apoyo a la Educaci\u00f3n Regular (USAER) No.7606, ser\u00e1 la que estar\u00e1 a cargo del programa en lo que respecta a esta aula, a trav\u00e9s de la maestra Ruth Mart\u00ednez Ch\u00e1vez.<\/p>\n<p style=\"text-align: justify;\">El subsecretario de Educaci\u00f3n en la Zona Norte, Maurilio Fuentes Estrada, se\u00f1al\u00f3 que estos espacios novedosos son resultado del convenio de colaboraci\u00f3n entre la SEyD y la Secretar\u00eda de Salud, donde la cl\u00ednica proporciona el aula y los materiales, mientras que Educaci\u00f3n aporta a los docentes que trabajan en el aula hospitalaria y dan el seguimiento correspondiente.<\/p>\n<p style=\"text-align: justify;\">\u201cYo creo que si trabajamos juntos vamos a lograr muchas cosas, hay una labor muy importante por hacer, el hecho de que los estudiantes no pierdan clases y puedan continuar sus estudios a pesar de estar en el hospital resulta de gran relevancia\u201d, expres\u00f3 Fuentes Estrada.<\/p>\n<p style=\"text-align: justify;\">La jefa del Departamento de Prestaciones Sociales del IMSS Chihuahua, Melina Mu\u00f1oz Ju\u00e1rez, agradeci\u00f3 al director del hospital las facilidades otorgadas para el establecimiento de esta aula, y felicit\u00f3 a las autoridades educativas y de salud por la iniciativa.<\/p>\n<p style=\"text-align: justify;\">Como una de las beneficiarias del aula habl\u00f3 Luna Jimena, quien cursa la secundaria y es paciente de la Cl\u00ednica 35 del IMSS, donde asegur\u00f3 que: \u201cEste tipo de apoyos son muy padres, porque es dif\u00edcil la estancia aqu\u00ed y esta aula va ayudar mucho a entretenernos y a que aprendamos mucho, a las autoridades les digo que ojal\u00e1 pongan m\u00e1s lugares como estos\u201d.<\/p>\n<p style=\"text-align: justify;\">\u00a0<\/p>\n","protected":false},"excerpt":{"rendered":"","protected":false},"author":6,"featured_media":38121,"comment_status":"open","ping_status":"open","sticky":false,"template":"","format":"standard","meta":{"_acf_changed":false,"_monsterinsights_skip_tracking":false,"slim_seo":{"title":"Inaugura Estado una aula hospitalaria en la Cl\u00ednica IMSS 35 de Ciudad Ju\u00e1rez - Opini\u00f3n P\u00fablica","description":"Ciudad Ju\u00e1rez, Chih .- Con el objetivo de evitar el rezago educativo por enfermedad, la Secretar\u00eda de Educaci\u00f3n y Deporte (SEyD), en coordinaci\u00f3n con la Secreta"},"footnotes":""},"categories":[11],"tags":[],"class_list":["post-38122","post","type-post","status-publish","format-standard","has-post-thumbnail","hentry","category-tendencias"],"acf":[],"_links":{"self":[{"href":"https:\/\/www.opinionpublica.tv\/portada\/wp-json\/wp\/v2\/posts\/38122","targetHints":{"allow":["GET"]}}],"collection":[{"href":"https:\/\/www.opinionpublica.tv\/portada\/wp-json\/wp\/v2\/posts"}],"about":[{"href":"https:\/\/www.opinionpublica.tv\/portada\/wp-json\/wp\/v2\/types\/post"}],"author":[{"embeddable":true,"href":"https:\/\/www.opinionpublica.tv\/portada\/wp-json\/wp\/v2\/users\/6"}],"replies":[{"embeddable":true,"href":"https:\/\/www.opinionpublica.tv\/portada\/wp-json\/wp\/v2\/comments?post=38122"}],"version-history":[{"count":0,"href":"https:\/\/www.opinionpublica.tv\/portada\/wp-json\/wp\/v2\/posts\/38122\/revisions"}],"wp:featuredmedia":[{"embeddable":true,"href":"https:\/\/www.opinionpublica.tv\/portada\/wp-json\/wp\/v2\/media\/38121"}],"wp:attachment":[{"href":"https:\/\/www.opinionpublica.tv\/portada\/wp-json\/wp\/v2\/media?parent=38122"}],"wp:term":[{"taxonomy":"category","embeddable":true,"href":"https:\/\/www.opinionpublica.tv\/portada\/wp-json\/wp\/v2\/categories?post=38122"},{"taxonomy":"post_tag","embeddable":true,"href":"https:\/\/www.opinionpublica.tv\/portada\/wp-json\/wp\/v2\/tags?post=38122"}],"curies":[{"name":"wp","href":"https:\/\/api.w.org\/{rel}","templated":true}]}}