{"id":38119,"date":"2023-09-14T06:00:00","date_gmt":"2023-09-14T04:00:00","guid":{"rendered":"https:\/\/www.opinionpublica.tv\/portada\/2023\/09\/14\/el-berrinche-de-ebrard-2\/"},"modified":"2023-09-14T06:00:00","modified_gmt":"2023-09-14T04:00:00","slug":"el-berrinche-de-ebrard-2","status":"publish","type":"post","link":"https:\/\/www.opinionpublica.tv\/portada\/el-berrinche-de-ebrard-2\/","title":{"rendered":"El berrinche de Ebrard"},"content":{"rendered":"<img fetchpriority=\"high\" decoding=\"async\" class=\" size-full wp-image-38116\" src=\"https:\/\/www.opinionpublica.tv\/portada\/wp-content\/uploads\/2023\/09\/ed60bae646095ed8b2f1f52cf747c62c.jpg\" alt=\"\" class=\"caption\" title=\"Carlos Fernando Angulo Parra\" width=\"270\" height=\"270\" srcset=\"https:\/\/www.opinionpublica.tv\/portada\/wp-content\/uploads\/2023\/09\/ed60bae646095ed8b2f1f52cf747c62c.jpg 270w, https:\/\/www.opinionpublica.tv\/portada\/wp-content\/uploads\/2023\/09\/ed60bae646095ed8b2f1f52cf747c62c-150x150.jpg 150w\" sizes=\"(max-width: 270px) 100vw, 270px\" \/>\n<p style=\"text-align: justify;\">Cada vez es menos relevante lo que haga o deje de hacer Marcelo Ebrard despu\u00e9s de que la Comisi\u00f3n Nacional de Honestidad y Justicia de Morena dictamine que no ha lugar a la impugnaci\u00f3n interpuesta por Marcelo.\u00a0Sin embargo, me permito especular sobre las posibilidades que puede haber ante dicha negativa.<\/p>\n<p><!--more--><\/p>\n<p style=\"text-align: justify;\">Una que no se me har\u00eda descabellada, es que Ebrard siga la costumbre pol\u00edtica que deriv\u00f3 de las escisiones que tuvo el PRI en el siglo pasado. Es decir, la formaci\u00f3n de un movimiento de rebeld\u00eda respecto de las pr\u00e1cticas antidemocr\u00e1ticas existentes en Morena.<\/p>\n<p style=\"text-align: justify;\">Con ello, Ebrard se puede convertir en un l\u00edder opositor al r\u00e9gimen actual, que para el a\u00f1o 2025 puede tener como resultado la formaci\u00f3n de un partido pol\u00edtico que aglutine a las izquierdas que se sientan traicionadas.<\/p>\n<p style=\"text-align: justify;\">Ante la formaci\u00f3n de un partido pol\u00edtico nuevo, ellos tendr\u00edan un probable reto para revocarle el mandato en el 2028 a qui\u00e9n gane la presidencia de la Rep\u00fablica.<\/p>\n<p style=\"text-align: justify;\">Si ello llegare a suceder, Ebrard se postular\u00eda a la presidencia de la Rep\u00fablica con el nuevo partido para las elecciones extraordinarias que hubiere como resultado de la revocaci\u00f3n de mandato.<\/p>\n<p style=\"text-align: justify;\">La otra posibilidad es que Ebrard junto con Dante Delgado realicen un acuerdo para que Marcelo sea postulado como candidato de Movimiento Ciudadano. Esto pudiere causar un cisma en dicho partido con la rebeld\u00eda del gobernador de Jalisco que desea que MC apoye a X\u00f3chitl y la calentura de Samuel Garc\u00eda que ya se siente presidente de M\u00e9xico. Por ello, dicha posibilidad tiene pron\u00f3stico reservado.<\/p>\n<p style=\"text-align: justify;\">La hip\u00f3tesis de que Marcelo se una con X\u00f3chitl al Frente Amplio por M\u00e9xico francamente lo veo improbable porque no creo que Marcelo pueda tomar en el FAM una posici\u00f3n relevante para \u00e9l.<\/p>\n<p style=\"text-align: justify;\">Finalmente, existe la posible reconciliaci\u00f3n de Ebrard con Morena y Claudia Sheinbaum, a trav\u00e9s de la intervenci\u00f3n decidida del presidente de la Rep\u00fablica que se ha notado muy aplicado para logar una conciliaci\u00f3n con Marcelo, en cuyo caso se ver\u00eda disminuido y hasta humillado en aceptar un puesto que no le llene.<\/p>\n<p style=\"text-align: justify;\">Francamente estimo que Ebrard se ha metido en un gran brete ante el comportamiento que ha tenido, \u00e9l sab\u00eda que los dados estaban cargados en favor de Claudia, el pensar que no lo sab\u00eda es francamente iluso. Es posible que Marcelo se est\u00e1 dejando llevar por los recuerdos de lo que vivi\u00f3 con Manuel Camacho Sol\u00eds cuando ambos dejaron al PRI, al no hab\u00e9rsele concedido a Camacho la candidatura a la presidencia de la Rep\u00fablica.<\/p>\n<p style=\"text-align: justify;\">Al suceder eso, Marcelo renunci\u00f3 al PRI y se fue al Partido Verde Ecologista para postularse como candidato a Jefe de Gobierno del D.F. y Camacho al PRD para postularse al Senado. Luego Marcelo declin\u00f3 en favor de L\u00f3pez Obrador quien era candidato por el PRD.<\/p>\n<p style=\"text-align: justify;\">Las circunstancias existentes cuando se dio el fen\u00f3meno de rebeld\u00eda de Camacho son distintas a las actuales, adem\u00e1s ahora Ebrard es el que quiere ser presidente y vimos que Camacho fracas\u00f3 en su intento para serlo, por lo que parece que Marcelo no aprendi\u00f3 la lecci\u00f3n. Sin embargo, es posible que en realidad la haya aprendido y est\u00e9 preparando serlo a m\u00e1s largo plazo, como el escenario planteado en la revocaci\u00f3n de mandato o bien esperarse a las elecciones del 2030 con un nuevo partido m\u00e1s consolidado que aglutine a una izquierda menos cavernaria que la formada por Morena en la que muchas personas de izquierda han quedado decepcionadas.<\/p>\n<p style=\"text-align: justify;\">En fin, esperemos en qu\u00e9 termina esta historia, pero lo que s\u00ed se puede asegurar es que Marcelo en este momento no tiene nada que pueda lograr, salvo la generaci\u00f3n de un fen\u00f3meno divisorio tanto de Morena como de los partidos del FAM.<\/p>\n<p style=\"text-align: justify;\">\u00a0<\/p>\n","protected":false},"excerpt":{"rendered":"<p>Cada vez es menos relevante lo que haga o deje de hacer Marcelo Ebrard despu\u00e9s de que la Comisi\u00f3n Nacional de Honestidad y Justicia de Morena dictamine que no ha lugar a la impugnaci\u00f3n interpuesta por Marcelo.\u00a0Sin embargo, me permito especular sobre las posibilidades que puede haber ante dicha negativa.<\/p>\n","protected":false},"author":6,"featured_media":38116,"comment_status":"open","ping_status":"open","sticky":false,"template":"","format":"standard","meta":{"_acf_changed":false,"_monsterinsights_skip_tracking":false,"slim_seo":{"title":"El berrinche de Ebrard - Opini\u00f3n P\u00fablica","description":"Cada vez es menos relevante lo que haga o deje de hacer Marcelo Ebrard despu\u00e9s de que la Comisi\u00f3n Nacional de Honestidad y Justicia de Morena dictamine que no h"},"footnotes":""},"categories":[17],"tags":[],"class_list":["post-38119","post","type-post","status-publish","format-standard","has-post-thumbnail","hentry","category-ultima-instancia"],"acf":[],"_links":{"self":[{"href":"https:\/\/www.opinionpublica.tv\/portada\/wp-json\/wp\/v2\/posts\/38119","targetHints":{"allow":["GET"]}}],"collection":[{"href":"https:\/\/www.opinionpublica.tv\/portada\/wp-json\/wp\/v2\/posts"}],"about":[{"href":"https:\/\/www.opinionpublica.tv\/portada\/wp-json\/wp\/v2\/types\/post"}],"author":[{"embeddable":true,"href":"https:\/\/www.opinionpublica.tv\/portada\/wp-json\/wp\/v2\/users\/6"}],"replies":[{"embeddable":true,"href":"https:\/\/www.opinionpublica.tv\/portada\/wp-json\/wp\/v2\/comments?post=38119"}],"version-history":[{"count":0,"href":"https:\/\/www.opinionpublica.tv\/portada\/wp-json\/wp\/v2\/posts\/38119\/revisions"}],"wp:featuredmedia":[{"embeddable":true,"href":"https:\/\/www.opinionpublica.tv\/portada\/wp-json\/wp\/v2\/media\/38116"}],"wp:attachment":[{"href":"https:\/\/www.opinionpublica.tv\/portada\/wp-json\/wp\/v2\/media?parent=38119"}],"wp:term":[{"taxonomy":"category","embeddable":true,"href":"https:\/\/www.opinionpublica.tv\/portada\/wp-json\/wp\/v2\/categories?post=38119"},{"taxonomy":"post_tag","embeddable":true,"href":"https:\/\/www.opinionpublica.tv\/portada\/wp-json\/wp\/v2\/tags?post=38119"}],"curies":[{"name":"wp","href":"https:\/\/api.w.org\/{rel}","templated":true}]}}