{"id":38107,"date":"2023-09-14T06:00:00","date_gmt":"2023-09-14T04:00:00","guid":{"rendered":"https:\/\/www.opinionpublica.tv\/portada\/2023\/09\/14\/llama-lopez-obrador-a-evitar-campanas-de-linchamiento\/"},"modified":"2023-09-14T06:00:00","modified_gmt":"2023-09-14T04:00:00","slug":"llama-lopez-obrador-a-evitar-campanas-de-linchamiento","status":"publish","type":"post","link":"https:\/\/www.opinionpublica.tv\/portada\/llama-lopez-obrador-a-evitar-campanas-de-linchamiento\/","title":{"rendered":"Llama L\u00f3pez Obrador a evitar campa\u00f1as de linchamiento"},"content":{"rendered":"<p><img fetchpriority=\"high\" decoding=\"async\" class=\" size-full wp-image-38106\" src=\"https:\/\/www.opinionpublica.tv\/portada\/wp-content\/uploads\/2023\/09\/a3a483a8a289b62c1d3ab5b58a2d497d.jpg\" alt=\"\" class=\"caption\" title=\"Andr\u00e9s Manuel L\u00f3pez Obrador, presidente de M\u00e9xico en su rueda de prensa ma\u00f1anera.\" width=\"284\" height=\"177\" \/><br \/>\n<!--more--><\/p>\n<p style=\"text-align: justify;\"><em>Ciudad de M\u00e9xico<\/em>.- La polarizaci\u00f3n en el pa\u00eds se presenta en el llamado \u201cc\u00edrculo rojo\u201d, donde hay confrontaci\u00f3n debido a los procesos electorales, pero la poblaci\u00f3n \u201cest\u00e1 en otra cosa\u201d y tiene buen humor, sostuvo este jueves el presidente Andr\u00e9s Manuel L\u00f3pez Obrador.<\/p>\n<p style=\"text-align: justify;\">En referencia a las denuncias que han hecho morenistas por presuntas irregularidades en la adquisici\u00f3n de la residencia de la candidata presidencial del Frente Amplio por M\u00e9xico, X\u00f3chitl G\u00e1lvez, el mandatario exhort\u00f3 a no replicar las pr\u00e1cticas de las campa\u00f1as de \u201clinchamiento\u201d como las que \u00e9l padeci\u00f3.<\/p>\n<p style=\"text-align: justify;\">Sin mencionar directamente a la senadora, expres\u00f3 que \u201cest\u00e1n hablando de la destrucci\u00f3n de la casa que se construy\u00f3 supuestamente sin papeles, sin permisos y que hay que destruir la casa de quien es representante (del Frente opositor). No, ni quemar libros, ni utilizar la picota ni el marro para destruir nada\u201d.<\/p>\n<p style=\"text-align: justify;\">Conmin\u00f3 a \u201cverlos como adversarios a vencer, no como enemigos a destruir\u201d. Y al recordar que en distintas televisoras llegaron a compararlo con Hitler y Stalin, agreg\u00f3: \u00abNosotros no debemos, ser\u00eda ir en contra de nuestros principios, hacer lo mismo. No debe haber campa\u00f1as de linchamiento porque nosotros padecimos eso\u201d.<\/p>\n<p style=\"text-align: justify;\">L\u00f3pez Obrador refrend\u00f3 que no es partidario de la ley de diente por diente y ojo por ojo, \u201cporque as\u00ed no se resuelven las cosas, y siempre digo que nos quedar\u00edamos chimuelos o tuertos todos, creo m\u00e1s en el amor al pr\u00f3jimo\u201d.<\/p>\n<p style=\"text-align: justify;\">En su conferencia de prensa de este jueves, el jefe del Ejecutivo federal asegur\u00f3 que la poblaci\u00f3n \u201cest\u00e1 contenta, hay un buen humor colectivo, social, no hay un mal humor en el pueblo. La gente est\u00e1 contenta, esperanzada, feliz en M\u00e9xico. Lo constato casi a diario\u201d. (La Jornada)<\/p>\n<p style=\"text-align: justify;\">\u00a0<\/p>\n","protected":false},"excerpt":{"rendered":"","protected":false},"author":6,"featured_media":38106,"comment_status":"open","ping_status":"open","sticky":false,"template":"","format":"standard","meta":{"_acf_changed":false,"_monsterinsights_skip_tracking":false,"slim_seo":{"title":"Llama L\u00f3pez Obrador a evitar campa\u00f1as de linchamiento - Opini\u00f3n P\u00fablica","description":"Ciudad de M\u00e9xico .- La polarizaci\u00f3n en el pa\u00eds se presenta en el llamado \u201cc\u00edrculo rojo\u201d, donde hay confrontaci\u00f3n debido a los procesos electorales, pero la pobl"},"footnotes":""},"categories":[4],"tags":[],"class_list":["post-38107","post","type-post","status-publish","format-standard","has-post-thumbnail","hentry","category-pulsopolitico"],"acf":[],"_links":{"self":[{"href":"https:\/\/www.opinionpublica.tv\/portada\/wp-json\/wp\/v2\/posts\/38107","targetHints":{"allow":["GET"]}}],"collection":[{"href":"https:\/\/www.opinionpublica.tv\/portada\/wp-json\/wp\/v2\/posts"}],"about":[{"href":"https:\/\/www.opinionpublica.tv\/portada\/wp-json\/wp\/v2\/types\/post"}],"author":[{"embeddable":true,"href":"https:\/\/www.opinionpublica.tv\/portada\/wp-json\/wp\/v2\/users\/6"}],"replies":[{"embeddable":true,"href":"https:\/\/www.opinionpublica.tv\/portada\/wp-json\/wp\/v2\/comments?post=38107"}],"version-history":[{"count":0,"href":"https:\/\/www.opinionpublica.tv\/portada\/wp-json\/wp\/v2\/posts\/38107\/revisions"}],"wp:featuredmedia":[{"embeddable":true,"href":"https:\/\/www.opinionpublica.tv\/portada\/wp-json\/wp\/v2\/media\/38106"}],"wp:attachment":[{"href":"https:\/\/www.opinionpublica.tv\/portada\/wp-json\/wp\/v2\/media?parent=38107"}],"wp:term":[{"taxonomy":"category","embeddable":true,"href":"https:\/\/www.opinionpublica.tv\/portada\/wp-json\/wp\/v2\/categories?post=38107"},{"taxonomy":"post_tag","embeddable":true,"href":"https:\/\/www.opinionpublica.tv\/portada\/wp-json\/wp\/v2\/tags?post=38107"}],"curies":[{"name":"wp","href":"https:\/\/api.w.org\/{rel}","templated":true}]}}