{"id":37863,"date":"2023-09-07T06:00:00","date_gmt":"2023-09-07T04:00:00","guid":{"rendered":"https:\/\/www.opinionpublica.tv\/portada\/2023\/09\/07\/reportan-53-de-avance-en-construccion-de-parque-suroriente-2\/"},"modified":"2023-09-07T06:00:00","modified_gmt":"2023-09-07T04:00:00","slug":"reportan-53-de-avance-en-construccion-de-parque-suroriente-2","status":"publish","type":"post","link":"https:\/\/www.opinionpublica.tv\/portada\/reportan-53-de-avance-en-construccion-de-parque-suroriente-2\/","title":{"rendered":"Reportan un 53% de avance en el Parque Urbano Suroriente"},"content":{"rendered":"<p><img fetchpriority=\"high\" decoding=\"async\" class=\" size-full wp-image-37860\" src=\"https:\/\/www.opinionpublica.tv\/portada\/wp-content\/uploads\/2023\/09\/d91220fb0db408be386120a5561c6a40.jpg\" alt=\"\" class=\"caption\" title=\"Tambi\u00e9n se trabaja en la cimbra para el colado de muro de carga y en la concha ac\u00fastica.\" width=\"1024\" height=\"768\" srcset=\"https:\/\/www.opinionpublica.tv\/portada\/wp-content\/uploads\/2023\/09\/d91220fb0db408be386120a5561c6a40.jpg 1024w, https:\/\/www.opinionpublica.tv\/portada\/wp-content\/uploads\/2023\/09\/d91220fb0db408be386120a5561c6a40-300x225.jpg 300w, https:\/\/www.opinionpublica.tv\/portada\/wp-content\/uploads\/2023\/09\/d91220fb0db408be386120a5561c6a40-768x576.jpg 768w\" sizes=\"(max-width: 1024px) 100vw, 1024px\" \/><br \/>\n<!--more--><\/p>\n<p style=\"text-align: justify;\"><em>Ciudad Ju\u00e1rez, Chih<\/em>.- Las obras de construcci\u00f3n del Parque Urbano Suroriente que ejecuta el Gobierno Municipal, registran un avance del 53 por ciento, inform\u00f3 Daniel Gonz\u00e1lez Garc\u00eda, director general de Obras P\u00fablicas.<\/p>\n<p style=\"text-align: justify;\">El funcionario explic\u00f3 que la dependencia a su cargo ha realizado labores para el colado de concreto en el estampado de la calzada principal, as\u00ed como en el \u00e1rea de foro, zona donde tambi\u00e9n se lleva a cabo la colocaci\u00f3n de adoqu\u00edn.<\/p>\n<p style=\"text-align: justify;\">Sin embargo, tambi\u00e9n se trabaja en la cimbra para el colado de muro de carga y estrado en la concha ac\u00fastica, as\u00ed como la construcci\u00f3n de un canal\u00f3n pluvial y cuarto de bombas.<\/p>\n<p style=\"text-align: justify;\">Adem\u00e1s se llev\u00f3 a cabo la cimentaci\u00f3n de lo que ser\u00e1n los locales comerciales y ba\u00f1os de foro, mientras que en el estacionamiento uno se trabaj\u00f3 en el colado de guarniciones y riego de impregnaci\u00f3n.<\/p>\n<p style=\"text-align: justify;\">El director de Obras P\u00fablicas se\u00f1al\u00f3 que por el momento se est\u00e1 llevando a cabo el trazo de construcci\u00f3n de lo que ser\u00e1n los accesos principales y la colocaci\u00f3n de cruces para la instalaci\u00f3n del sistema de riego por goteo.<\/p>\n","protected":false},"excerpt":{"rendered":"","protected":false},"author":6,"featured_media":37860,"comment_status":"open","ping_status":"open","sticky":false,"template":"","format":"standard","meta":{"_acf_changed":false,"_monsterinsights_skip_tracking":false,"slim_seo":{"title":"Reportan un 53% de avance en el Parque Urbano Suroriente - Opini\u00f3n P\u00fablica","description":"Ciudad Ju\u00e1rez, Chih .- Las obras de construcci\u00f3n del Parque Urbano Suroriente que ejecuta el Gobierno Municipal, registran un avance del 53 por ciento, inform\u00f3"},"footnotes":""},"categories":[41],"tags":[],"class_list":["post-37863","post","type-post","status-publish","format-standard","has-post-thumbnail","hentry","category-juarez"],"acf":[],"_links":{"self":[{"href":"https:\/\/www.opinionpublica.tv\/portada\/wp-json\/wp\/v2\/posts\/37863","targetHints":{"allow":["GET"]}}],"collection":[{"href":"https:\/\/www.opinionpublica.tv\/portada\/wp-json\/wp\/v2\/posts"}],"about":[{"href":"https:\/\/www.opinionpublica.tv\/portada\/wp-json\/wp\/v2\/types\/post"}],"author":[{"embeddable":true,"href":"https:\/\/www.opinionpublica.tv\/portada\/wp-json\/wp\/v2\/users\/6"}],"replies":[{"embeddable":true,"href":"https:\/\/www.opinionpublica.tv\/portada\/wp-json\/wp\/v2\/comments?post=37863"}],"version-history":[{"count":0,"href":"https:\/\/www.opinionpublica.tv\/portada\/wp-json\/wp\/v2\/posts\/37863\/revisions"}],"wp:featuredmedia":[{"embeddable":true,"href":"https:\/\/www.opinionpublica.tv\/portada\/wp-json\/wp\/v2\/media\/37860"}],"wp:attachment":[{"href":"https:\/\/www.opinionpublica.tv\/portada\/wp-json\/wp\/v2\/media?parent=37863"}],"wp:term":[{"taxonomy":"category","embeddable":true,"href":"https:\/\/www.opinionpublica.tv\/portada\/wp-json\/wp\/v2\/categories?post=37863"},{"taxonomy":"post_tag","embeddable":true,"href":"https:\/\/www.opinionpublica.tv\/portada\/wp-json\/wp\/v2\/tags?post=37863"}],"curies":[{"name":"wp","href":"https:\/\/api.w.org\/{rel}","templated":true}]}}