{"id":37839,"date":"2023-09-07T06:00:00","date_gmt":"2023-09-07T04:00:00","guid":{"rendered":"https:\/\/www.opinionpublica.tv\/portada\/2023\/09\/07\/video-the-killer-avance-oficial-netflix\/"},"modified":"2023-09-07T06:00:00","modified_gmt":"2023-09-07T04:00:00","slug":"video-the-killer-avance-oficial-netflix","status":"publish","type":"post","link":"https:\/\/www.opinionpublica.tv\/portada\/video-the-killer-avance-oficial-netflix\/","title":{"rendered":"Video: The Killer | Avance oficial | Netflix"},"content":{"rendered":"<p><img fetchpriority=\"high\" decoding=\"async\" class=\" size-full wp-image-37837\" src=\"https:\/\/www.opinionpublica.tv\/portada\/wp-content\/uploads\/2023\/09\/e4fb801e3a714a112106c7a0e02cbbc1.jpg\" alt=\"\" width=\"550\" height=\"308\" srcset=\"https:\/\/www.opinionpublica.tv\/portada\/wp-content\/uploads\/2023\/09\/e4fb801e3a714a112106c7a0e02cbbc1.jpg 550w, https:\/\/www.opinionpublica.tv\/portada\/wp-content\/uploads\/2023\/09\/e4fb801e3a714a112106c7a0e02cbbc1-300x168.jpg 300w\" sizes=\"(max-width: 550px) 100vw, 550px\" \/><br \/>\n<!--more--><\/p>\n<p style=\"text-align: justify;\">Tras un fat\u00eddico cuasiaccidente, un asesino se enfrenta a sus jefes y a s\u00ed mismo en una cacer\u00eda internacional que, seg\u00fan \u00e9l, no es personal.<\/p>\n<p style=\"text-align: justify;\">The Killer (El Asesino) estar\u00e1 en algunos cines en octubre y en Netflix el 10 de noviembre.<\/p>\n<div class=\"k2_video\"><a href=\"https:\/\/www.youtube.com\/watch?v=uZdvTEsx54Q?si=Pm1GvDkFpo_Lsnoc\">https:\/\/www.youtube.com\/watch?v=uZdvTEsx54Q?si=Pm1GvDkFpo_Lsnoc<\/a>\n<\/div>\n","protected":false},"excerpt":{"rendered":"","protected":false},"author":6,"featured_media":37837,"comment_status":"open","ping_status":"open","sticky":false,"template":"","format":"standard","meta":{"_acf_changed":false,"_monsterinsights_skip_tracking":false,"slim_seo":{"title":"Video: The Killer | Avance oficial | Netflix - Opini\u00f3n P\u00fablica","description":"Tras un fat\u00eddico cuasiaccidente, un asesino se enfrenta a sus jefes y a s\u00ed mismo en una cacer\u00eda internacional que, seg\u00fan \u00e9l, no es personal. The Killer (El Ases"},"footnotes":""},"categories":[8],"tags":[],"class_list":["post-37839","post","type-post","status-publish","format-standard","has-post-thumbnail","hentry","category-videos"],"acf":[],"_links":{"self":[{"href":"https:\/\/www.opinionpublica.tv\/portada\/wp-json\/wp\/v2\/posts\/37839","targetHints":{"allow":["GET"]}}],"collection":[{"href":"https:\/\/www.opinionpublica.tv\/portada\/wp-json\/wp\/v2\/posts"}],"about":[{"href":"https:\/\/www.opinionpublica.tv\/portada\/wp-json\/wp\/v2\/types\/post"}],"author":[{"embeddable":true,"href":"https:\/\/www.opinionpublica.tv\/portada\/wp-json\/wp\/v2\/users\/6"}],"replies":[{"embeddable":true,"href":"https:\/\/www.opinionpublica.tv\/portada\/wp-json\/wp\/v2\/comments?post=37839"}],"version-history":[{"count":0,"href":"https:\/\/www.opinionpublica.tv\/portada\/wp-json\/wp\/v2\/posts\/37839\/revisions"}],"wp:featuredmedia":[{"embeddable":true,"href":"https:\/\/www.opinionpublica.tv\/portada\/wp-json\/wp\/v2\/media\/37837"}],"wp:attachment":[{"href":"https:\/\/www.opinionpublica.tv\/portada\/wp-json\/wp\/v2\/media?parent=37839"}],"wp:term":[{"taxonomy":"category","embeddable":true,"href":"https:\/\/www.opinionpublica.tv\/portada\/wp-json\/wp\/v2\/categories?post=37839"},{"taxonomy":"post_tag","embeddable":true,"href":"https:\/\/www.opinionpublica.tv\/portada\/wp-json\/wp\/v2\/tags?post=37839"}],"curies":[{"name":"wp","href":"https:\/\/api.w.org\/{rel}","templated":true}]}}