{"id":37832,"date":"2023-09-07T06:00:00","date_gmt":"2023-09-07T04:00:00","guid":{"rendered":"https:\/\/www.opinionpublica.tv\/portada\/2023\/09\/07\/contrata-desarrollo-rural-poliza-de-seguro-contra-danos-por-sequia-2\/"},"modified":"2023-09-07T06:00:00","modified_gmt":"2023-09-07T04:00:00","slug":"contrata-desarrollo-rural-poliza-de-seguro-contra-danos-por-sequia-2","status":"publish","type":"post","link":"https:\/\/www.opinionpublica.tv\/portada\/contrata-desarrollo-rural-poliza-de-seguro-contra-danos-por-sequia-2\/","title":{"rendered":"Contrata Desarrollo Rural p\u00f3liza de seguro contra da\u00f1os por sequ\u00eda de 2023"},"content":{"rendered":"<p><img fetchpriority=\"high\" decoding=\"async\" class=\" size-full wp-image-37830\" src=\"https:\/\/www.opinionpublica.tv\/portada\/wp-content\/uploads\/2023\/09\/77b8e8171be8230723bfeabb2ff6cf43.jpg\" alt=\"\" class=\"caption\" title=\"El seguro contra sequ\u00eda cubre cultivos de ma\u00edz, frijol y avena forrajera de temporal.\" width=\"768\" height=\"557\" srcset=\"https:\/\/www.opinionpublica.tv\/portada\/wp-content\/uploads\/2023\/09\/77b8e8171be8230723bfeabb2ff6cf43.jpg 768w, https:\/\/www.opinionpublica.tv\/portada\/wp-content\/uploads\/2023\/09\/77b8e8171be8230723bfeabb2ff6cf43-300x218.jpg 300w\" sizes=\"(max-width: 768px) 100vw, 768px\" \/><br \/>\n<!--more--><\/p>\n<p style=\"text-align: justify;\"><em>Chihuahua, Chih<\/em>.- La Secretar\u00eda de Desarrollo Rural (SDR) contrat\u00f3 una P\u00f3liza de Seguro Agr\u00edcola Catastr\u00f3fica para el a\u00f1o 2023, con cobertura de hasta 100 mil hect\u00e1reas (ha) de cultivos, ante la sequ\u00eda severa que prevalece en la entidad.<\/p>\n<p style=\"text-align: justify;\">El documento cubre cultivos de ma\u00edz, frijol y avena forrajera de temporal, y de ma\u00edz y frijol de riego del ciclo primavera-verano.<\/p>\n<p style=\"text-align: justify;\">De acuerdo con datos del Servicio de Informaci\u00f3n Agroalimentaria y Pesquera (SIAP), el a\u00f1o pasado se establecieron 74 mil 694 ha de frijol y otras 41 mil 567 de ma\u00edz blanco y azul de temporal.<\/p>\n<p style=\"text-align: justify;\">En visitas de verificaci\u00f3n de siembras a 57 municipios que cuentan con cobertura de aseguramiento, se detect\u00f3 que de las 100 mil ha aseguradas, en m\u00e1s del 60 por ciento no se establecieron cultivos por la falta de condiciones, debido a que no existe la humedad suficiente en los suelos.<\/p>\n<p style=\"text-align: justify;\">Por lo anterior la SDR se trabaja en suministrar recursos a las zonas afectadas debido a la baja producci\u00f3n que se estima obtener, con el objetivo de garantizar la alimentaci\u00f3n de la poblaci\u00f3n.<\/p>\n<p style=\"text-align: justify;\">El sector pecuario se ha visto afectado de la misma manera ante las condiciones clim\u00e1ticas adversas, por lo que durante el presente mes de septiembre se han destinado apoyos por m\u00e1s de 2 mil 500 toneladas de ma\u00edz para la alimentaci\u00f3n de ganado.<\/p>\n","protected":false},"excerpt":{"rendered":"","protected":false},"author":6,"featured_media":37830,"comment_status":"open","ping_status":"open","sticky":false,"template":"","format":"standard","meta":{"_acf_changed":false,"_monsterinsights_skip_tracking":false,"slim_seo":{"title":"Contrata Desarrollo Rural p\u00f3liza de seguro contra da\u00f1os por sequ\u00eda de 2023 - Opini\u00f3n P\u00fablica","description":"Chihuahua, Chih .- La Secretar\u00eda de Desarrollo Rural (SDR) contrat\u00f3 una P\u00f3liza de Seguro Agr\u00edcola Catastr\u00f3fica para el a\u00f1o 2023, con cobertura de hasta 100 mil"},"footnotes":""},"categories":[11],"tags":[],"class_list":["post-37832","post","type-post","status-publish","format-standard","has-post-thumbnail","hentry","category-tendencias"],"acf":[],"_links":{"self":[{"href":"https:\/\/www.opinionpublica.tv\/portada\/wp-json\/wp\/v2\/posts\/37832","targetHints":{"allow":["GET"]}}],"collection":[{"href":"https:\/\/www.opinionpublica.tv\/portada\/wp-json\/wp\/v2\/posts"}],"about":[{"href":"https:\/\/www.opinionpublica.tv\/portada\/wp-json\/wp\/v2\/types\/post"}],"author":[{"embeddable":true,"href":"https:\/\/www.opinionpublica.tv\/portada\/wp-json\/wp\/v2\/users\/6"}],"replies":[{"embeddable":true,"href":"https:\/\/www.opinionpublica.tv\/portada\/wp-json\/wp\/v2\/comments?post=37832"}],"version-history":[{"count":0,"href":"https:\/\/www.opinionpublica.tv\/portada\/wp-json\/wp\/v2\/posts\/37832\/revisions"}],"wp:featuredmedia":[{"embeddable":true,"href":"https:\/\/www.opinionpublica.tv\/portada\/wp-json\/wp\/v2\/media\/37830"}],"wp:attachment":[{"href":"https:\/\/www.opinionpublica.tv\/portada\/wp-json\/wp\/v2\/media?parent=37832"}],"wp:term":[{"taxonomy":"category","embeddable":true,"href":"https:\/\/www.opinionpublica.tv\/portada\/wp-json\/wp\/v2\/categories?post=37832"},{"taxonomy":"post_tag","embeddable":true,"href":"https:\/\/www.opinionpublica.tv\/portada\/wp-json\/wp\/v2\/tags?post=37832"}],"curies":[{"name":"wp","href":"https:\/\/api.w.org\/{rel}","templated":true}]}}