{"id":37528,"date":"2023-08-29T06:00:00","date_gmt":"2023-08-29T04:00:00","guid":{"rendered":"https:\/\/www.opinionpublica.tv\/portada\/2023\/08\/29\/las-fichas-se-colocan-en-el-tablero\/"},"modified":"2023-08-29T06:00:00","modified_gmt":"2023-08-29T04:00:00","slug":"las-fichas-se-colocan-en-el-tablero","status":"publish","type":"post","link":"https:\/\/www.opinionpublica.tv\/portada\/las-fichas-se-colocan-en-el-tablero\/","title":{"rendered":"Las fichas se colocan en el tablero"},"content":{"rendered":"<img fetchpriority=\"high\" decoding=\"async\" class=\" size-full wp-image-37527\" src=\"https:\/\/www.opinionpublica.tv\/portada\/wp-content\/uploads\/2023\/08\/a9824a8a3b689c6ea727cee96a322b4d.jpg\" alt=\"\" class=\"caption\" title=\"Carlos Fernando Angulo Parra.\" width=\"270\" height=\"270\" srcset=\"https:\/\/www.opinionpublica.tv\/portada\/wp-content\/uploads\/2023\/08\/a9824a8a3b689c6ea727cee96a322b4d.jpg 270w, https:\/\/www.opinionpublica.tv\/portada\/wp-content\/uploads\/2023\/08\/a9824a8a3b689c6ea727cee96a322b4d-150x150.jpg 150w\" sizes=\"(max-width: 270px) 100vw, 270px\" \/>\n<p style=\"text-align: justify;\">Es muy probable que tanto Claudia Sheinbaum como X\u00f3chitl G\u00e1lvez sean las abanderadas, la primera para dirigir lo que ellos llaman la \u201c4T\u201d, y la segunda para dirigir el oficialmente constituido conforme a la Ley General de Partidos Pol\u00edticos, Frente Amplio por M\u00e9xico. Ahora podemos decir que con esto la novata X\u00f3chitl entrar\u00e1, en t\u00e9rminos del b\u00e9isbol, a las \u201cligas mayores\u201d.<\/p>\n<p><!--more--><\/p>\n<p style=\"text-align: justify;\">Con esto digo, que la narrativa o discurso pol\u00edtico de X\u00f3chitl G\u00e1lvez, sin eliminar sus or\u00edgenes y frescura discursiva, debe evolucionar hacia un discurso para jefe de Estado, con proyecciones profundas respecto a las m\u00faltiples problem\u00e1ticas del complejo pa\u00eds en el que vivimos. Todo esto lleva a que nuestros gobernantes deban de tener una visi\u00f3n muy amplia de las diferentes opciones de soluci\u00f3n de nuestros problemas.<\/p>\n<p style=\"text-align: justify;\">Por todo lo mencionado, en su debido tiempo, guardando los requerimientos legales, ser\u00e1 necesario que la Senadora suba el nivel de su conversaci\u00f3n hacia las siguientes visiones:<\/p>\n<p style=\"text-align: justify;\">-1. Reconstrucci\u00f3n. X\u00f3chitl debe de tomar en cuenta de que el actual gobierno federal se ha dedicado a destruir la facultad operativa de la administraci\u00f3n, que con una visi\u00f3n enfocada a la dominaci\u00f3n, ha destruido a la burocracia representada por los servidores p\u00fablicos con servicio civil de carrera, al reducir los presupuestos operativos de m\u00faltiples oficinas gubernamentales haci\u00e9ndolas ineficientes y muchas de ellas hasta inoperantes.<\/p>\n<p style=\"text-align: justify;\">-2. Cambio de visi\u00f3n de gobierno. El Actual gobierno se ha enfocado en estar llevando a cabo acciones para concentrar el poder, ha tenido una visi\u00f3n centrada en la figura del presidente de la Rep\u00fablica como el adalid que protege a los pobres frente a los de la \u201cmafia del poder\u201d que son oligarcas depredadores.<\/p>\n<p style=\"text-align: justify;\">Con esta visi\u00f3n, el presidente pretende regresar el reloj de la historia hacia los a\u00f1os setenta en donde la econom\u00eda estaba centrada en las acciones del gobierno y no en la iniciativa privada, confront\u00e1ndose con el mundo moderno, en donde existe un bloque comercial en Norteam\u00e9rica en el que M\u00e9xico forma parte, con el cual el presidente se ha enfrentado a conceptos que \u00e9l considera, con el enga\u00f1o de sus asesores, superados en el T-MEC, como el concepto de que la soberan\u00eda nacional prevalece respecto de los hidrocarburos y eso permite al gobierno hacer cambios a todas las leyes energ\u00e9ticas, as\u00ed como la noci\u00f3n de que, con el pretexto de la soberan\u00eda, hacer cambios en la constituci\u00f3n que, b\u00e1sicamente, hace que las inversiones realizadas en energ\u00edas renovables se ponen en alto riesgo por la imposibilidad de obtener permisos gubernamentales para su operaci\u00f3n.<\/p>\n<p style=\"text-align: justify;\">En estos temas, la aspirante X\u00f3chitl G\u00e1lvez fue clara en su visi\u00f3n de que M\u00e9xico indefectiblemente pertenece al bloque de Norteam\u00e9rica, tanto por su situaci\u00f3n geogr\u00e1fica como por sus compromisos internacionales establecidos en los Tratados de Libre Comercio, d\u00e1ndonos una visi\u00f3n clara de su mentalidad moderna hacia a aprovechar estas circunstancias especiales para el crecimiento de nuestra econom\u00eda que nos lleve a mejorar la calidad de vida de los mexicanos.<\/p>\n<p style=\"text-align: justify;\">Ahora, la Senadora tiene que particularizar en detalles para llevarnos a cumplir cabalmente con ese fin. Ella tendr\u00e1 que expandir en los puntos finos de esta visi\u00f3n que ser\u00e1 un motivo importante de posible confrontaci\u00f3n con el enfoque que pueda llevar a cabo su futura contrincante Sheinbaum, quien se ha opuesto a la reformas energ\u00e9ticas aprobadas por el Constituyente Permanente en 2013.<\/p>\n<p style=\"text-align: justify;\">-3. Seguridad y justicia. Esta parte es la m\u00e1s importante respecto del verdadero bienestar que desean todos los mexicanos y las condiciones de bien com\u00fan necesarias para el desarrollo del pa\u00eds a partir de las individualidades, sumadas en los emprendedores que establecen las micro, peque\u00f1as y medianas empresas, que representan la inmensa mayor\u00eda del potencial econ\u00f3mico del pa\u00eds, que con la falta de seguridad y justicia se ven gravemente afectados.<\/p>\n<p style=\"text-align: justify;\">X\u00f3chitl tendr\u00e1 que concentrarse en establecer pol\u00edticas p\u00fablicas que vayan de lo local hacia lo federal fortaleciendo la participaci\u00f3n ciudadana, en coordinaci\u00f3n con polic\u00edas de proximidad a nivel municipal, que en caso de verse rebasadas deber\u00e1n entrar los dos \u00f3rdenes de gobierno superiores como las polic\u00edas estatales y la Guardia Nacional, que se tendr\u00eda que reconfigurar hacia una polic\u00eda civil eficiente, con altos niveles de tecnolog\u00eda, para hacer la combinaci\u00f3n perfecta entre los tres niveles de gobierno.<\/p>\n<p style=\"text-align: justify;\">Respecto de la justicia, la senadora G\u00e1lvez puede tener un acercamiento con la ministra presidente de la Suprema Corte de Justicia de la Naci\u00f3n, Norma Pi\u00f1a, para trabajar en conjunto en establecer los presupuestos necesarios, por primera vez en la historia de M\u00e9xico, para fortalecer al Poder Judicial de la Federaci\u00f3n, as\u00ed como a los poderes judiciales de las entidades federativas.<\/p>\n<p style=\"text-align: justify;\">Considerando que el rubro de justicia ha sido de los m\u00e1s abandonados tradicionalmente por los gobiernos, y actualmente existe la amenaza del presente gobierno de eliminarles grandes cantidades de su presupuesto, principalmente al Poder Judicial de la Federaci\u00f3n, por lo que el deterioro que vendr\u00e1 de esta carnicer\u00eda presupuestal tendr\u00e1 que ser resuelto como una de las primeras prioridades del pr\u00f3ximo gobierno.<\/p>\n<p style=\"text-align: justify;\">Por el otro lado, las fiscal\u00edas de las entidades federativas, as\u00ed como la Fiscal\u00eda General de la Naci\u00f3n, deber\u00e1n ser apoyadas por el nuevo gobierno para que exista una restructuraci\u00f3n total, con ex\u00e1menes de confianza de todos sus integrantes, considerando que muchos de ellos se encuentran vinculados con el crimen organizado. Esto es una labor que llevar\u00e1 el tiempo completo del sexenio, indispensable como una restructuraci\u00f3n del Estado mexicano con miras al bien com\u00fan.<\/p>\n","protected":false},"excerpt":{"rendered":"<p>Es muy probable que tanto Claudia Sheinbaum como X\u00f3chitl G\u00e1lvez sean las abanderadas, la primera para dirigir lo que ellos llaman la \u201c4T\u201d, y la segunda para dirigir el oficialmente constituido conforme a la Ley General de Partidos Pol\u00edticos, Frente Amplio por M\u00e9xico. Ahora podemos decir que con esto la novata X\u00f3chitl entrar\u00e1, en t\u00e9rminos [&hellip;]<\/p>\n","protected":false},"author":6,"featured_media":37527,"comment_status":"open","ping_status":"open","sticky":false,"template":"","format":"standard","meta":{"_acf_changed":false,"_monsterinsights_skip_tracking":false,"slim_seo":{"title":"Las fichas se colocan en el tablero - Opini\u00f3n P\u00fablica","description":"Es muy probable que tanto Claudia Sheinbaum como X\u00f3chitl G\u00e1lvez sean las abanderadas, la primera para dirigir lo que ellos llaman la \u201c4T\u201d, y la segunda para dir"},"footnotes":""},"categories":[17],"tags":[],"class_list":["post-37528","post","type-post","status-publish","format-standard","has-post-thumbnail","hentry","category-ultima-instancia"],"acf":[],"_links":{"self":[{"href":"https:\/\/www.opinionpublica.tv\/portada\/wp-json\/wp\/v2\/posts\/37528","targetHints":{"allow":["GET"]}}],"collection":[{"href":"https:\/\/www.opinionpublica.tv\/portada\/wp-json\/wp\/v2\/posts"}],"about":[{"href":"https:\/\/www.opinionpublica.tv\/portada\/wp-json\/wp\/v2\/types\/post"}],"author":[{"embeddable":true,"href":"https:\/\/www.opinionpublica.tv\/portada\/wp-json\/wp\/v2\/users\/6"}],"replies":[{"embeddable":true,"href":"https:\/\/www.opinionpublica.tv\/portada\/wp-json\/wp\/v2\/comments?post=37528"}],"version-history":[{"count":0,"href":"https:\/\/www.opinionpublica.tv\/portada\/wp-json\/wp\/v2\/posts\/37528\/revisions"}],"wp:featuredmedia":[{"embeddable":true,"href":"https:\/\/www.opinionpublica.tv\/portada\/wp-json\/wp\/v2\/media\/37527"}],"wp:attachment":[{"href":"https:\/\/www.opinionpublica.tv\/portada\/wp-json\/wp\/v2\/media?parent=37528"}],"wp:term":[{"taxonomy":"category","embeddable":true,"href":"https:\/\/www.opinionpublica.tv\/portada\/wp-json\/wp\/v2\/categories?post=37528"},{"taxonomy":"post_tag","embeddable":true,"href":"https:\/\/www.opinionpublica.tv\/portada\/wp-json\/wp\/v2\/tags?post=37528"}],"curies":[{"name":"wp","href":"https:\/\/api.w.org\/{rel}","templated":true}]}}