{"id":37502,"date":"2023-08-29T06:00:00","date_gmt":"2023-08-29T04:00:00","guid":{"rendered":"https:\/\/www.opinionpublica.tv\/portada\/2023\/08\/29\/lucha-por-libros-de-texto-es-juridica-no-politica-pan-chihuahua\/"},"modified":"2023-08-29T06:00:00","modified_gmt":"2023-08-29T04:00:00","slug":"lucha-por-libros-de-texto-es-juridica-no-politica-pan-chihuahua","status":"publish","type":"post","link":"https:\/\/www.opinionpublica.tv\/portada\/lucha-por-libros-de-texto-es-juridica-no-politica-pan-chihuahua\/","title":{"rendered":"Lucha por libros de texto es jur\u00eddica y no pol\u00edtica: PAN"},"content":{"rendered":"<p><img fetchpriority=\"high\" decoding=\"async\" class=\" size-full wp-image-37499\" src=\"https:\/\/www.opinionpublica.tv\/portada\/wp-content\/uploads\/2023\/08\/8686ab4872f9893879323ea28fb62023.jpg\" alt=\"\" class=\"caption\" title=\"Gabriel D\u00edaz Negrete, presidente del Comit\u00e9 Directivo Estatal del PAN en Chihuahua.\" width=\"1066\" height=\"654\" srcset=\"https:\/\/www.opinionpublica.tv\/portada\/wp-content\/uploads\/2023\/08\/8686ab4872f9893879323ea28fb62023.jpg 1066w, https:\/\/www.opinionpublica.tv\/portada\/wp-content\/uploads\/2023\/08\/8686ab4872f9893879323ea28fb62023-300x184.jpg 300w, https:\/\/www.opinionpublica.tv\/portada\/wp-content\/uploads\/2023\/08\/8686ab4872f9893879323ea28fb62023-1024x628.jpg 1024w, https:\/\/www.opinionpublica.tv\/portada\/wp-content\/uploads\/2023\/08\/8686ab4872f9893879323ea28fb62023-768x471.jpg 768w\" sizes=\"(max-width: 1066px) 100vw, 1066px\" \/><br \/>\n<!--more--><\/p>\n<p style=\"text-align: justify;\"><em>Chihuahua, Chih<\/em>.- El dirigente estatal de Acci\u00f3n Nacional destac\u00f3 el respaldo ciudadano que ha tenido la gobernadora Maru Campos con motivo de la Controversia Constitucional para detener la entrega de los libros de texto de una Nueva Escuela Mexicana, \u201cque no tiene pies ni cabeza\u201d.<\/p>\n<p style=\"text-align: justify;\">Tras el inicio del ciclo escolar, Gabriel D\u00edaz Negrete, reconoci\u00f3 el esfuerzo de la administraci\u00f3n estatal, magisterio y padres de familia para no detener la correcta formaci\u00f3n de miles de ni\u00f1as, ni\u00f1os y adolescentes.<\/p>\n<p style=\"text-align: justify;\">El Partido Acci\u00f3n Nacional reiter\u00f3 el llamado en\u00e9rgico a la Secretar\u00eda de Educaci\u00f3n P\u00fablica a que deje de experimentar con la educaci\u00f3n en el pa\u00eds.<\/p>\n<p style=\"text-align: justify;\">Porque compartimos la preocupaci\u00f3n de millones de padres de familia y maestros que se preguntan qu\u00e9 pretende MORENA, verdaderamente al editar millones de libros con contenidos inapropiados, distorsionados e insuficientes e imponerlos en las escuelas pese a dichos se\u00f1alamientos.<\/p>\n<p style=\"text-align: justify;\">\u201cAl gobierno federal no le preocupa la educaci\u00f3n de nuestros ni\u00f1os, se ha enfrascado en imponer libros de texto mal elaborados e ideologizados\u201d, sostuvo D\u00edaz.<\/p>\n<p style=\"text-align: justify;\">\u201cLa gobernadora Maru Campos no est\u00e1 sola y as\u00ed lo han manifestado la dirigencia nacional, gobernadores, diputados, senadores, padres de familia, organizaciones civiles y la Iniciativa Privada para evitar una educaci\u00f3n con sesgos ideol\u00f3gicos. La lucha por libros sin tendencias ideol\u00f3gicas es jur\u00eddica y no pol\u00edtica como s\u00ed lo est\u00e1 haciendo la 4T; \u201cson ellos quienes usan de bot\u00edn pol\u00edtico un asunto que est\u00e1 en manos de la Corte, para atacar a la gobernadora\u201d, agreg\u00f3 el dirigente panista.<\/p>\n","protected":false},"excerpt":{"rendered":"","protected":false},"author":6,"featured_media":37499,"comment_status":"open","ping_status":"open","sticky":false,"template":"","format":"standard","meta":{"_acf_changed":false,"_monsterinsights_skip_tracking":false,"slim_seo":{"title":"Lucha por libros de texto es jur\u00eddica y no pol\u00edtica: PAN - Opini\u00f3n P\u00fablica","description":"Chihuahua, Chih .- El dirigente estatal de Acci\u00f3n Nacional destac\u00f3 el respaldo ciudadano que ha tenido la gobernadora Maru Campos con motivo de la Controversia"},"footnotes":""},"categories":[4],"tags":[],"class_list":["post-37502","post","type-post","status-publish","format-standard","has-post-thumbnail","hentry","category-pulsopolitico"],"acf":[],"_links":{"self":[{"href":"https:\/\/www.opinionpublica.tv\/portada\/wp-json\/wp\/v2\/posts\/37502","targetHints":{"allow":["GET"]}}],"collection":[{"href":"https:\/\/www.opinionpublica.tv\/portada\/wp-json\/wp\/v2\/posts"}],"about":[{"href":"https:\/\/www.opinionpublica.tv\/portada\/wp-json\/wp\/v2\/types\/post"}],"author":[{"embeddable":true,"href":"https:\/\/www.opinionpublica.tv\/portada\/wp-json\/wp\/v2\/users\/6"}],"replies":[{"embeddable":true,"href":"https:\/\/www.opinionpublica.tv\/portada\/wp-json\/wp\/v2\/comments?post=37502"}],"version-history":[{"count":0,"href":"https:\/\/www.opinionpublica.tv\/portada\/wp-json\/wp\/v2\/posts\/37502\/revisions"}],"wp:featuredmedia":[{"embeddable":true,"href":"https:\/\/www.opinionpublica.tv\/portada\/wp-json\/wp\/v2\/media\/37499"}],"wp:attachment":[{"href":"https:\/\/www.opinionpublica.tv\/portada\/wp-json\/wp\/v2\/media?parent=37502"}],"wp:term":[{"taxonomy":"category","embeddable":true,"href":"https:\/\/www.opinionpublica.tv\/portada\/wp-json\/wp\/v2\/categories?post=37502"},{"taxonomy":"post_tag","embeddable":true,"href":"https:\/\/www.opinionpublica.tv\/portada\/wp-json\/wp\/v2\/tags?post=37502"}],"curies":[{"name":"wp","href":"https:\/\/api.w.org\/{rel}","templated":true}]}}