{"id":37501,"date":"2023-08-29T06:00:00","date_gmt":"2023-08-29T04:00:00","guid":{"rendered":"https:\/\/www.opinionpublica.tv\/portada\/2023\/08\/29\/recibe-dif-a-170-menores-en-programa-de-acompanamiento-integral-en-juarez-2\/"},"modified":"2023-08-29T06:00:00","modified_gmt":"2023-08-29T04:00:00","slug":"recibe-dif-a-170-menores-en-programa-de-acompanamiento-integral-en-juarez-2","status":"publish","type":"post","link":"https:\/\/www.opinionpublica.tv\/portada\/recibe-dif-a-170-menores-en-programa-de-acompanamiento-integral-en-juarez-2\/","title":{"rendered":"Recibe DIF a 170 menores de Ju\u00e1rez en programa de \u2018Acompa\u00f1amiento Integral\u2019"},"content":{"rendered":"<p><img fetchpriority=\"high\" decoding=\"async\" class=\" size-full wp-image-37495\" src=\"https:\/\/www.opinionpublica.tv\/portada\/wp-content\/uploads\/2023\/08\/f3c3dc76ad8eecef2e82399a0447eb16.jpg\" alt=\"\" class=\"caption\" title=\"Adem\u00e1s del DIF estatal, participan los Centros de Asistencia Social (CAS).\" width=\"810\" height=\"499\" srcset=\"https:\/\/www.opinionpublica.tv\/portada\/wp-content\/uploads\/2023\/08\/f3c3dc76ad8eecef2e82399a0447eb16.jpg 810w, https:\/\/www.opinionpublica.tv\/portada\/wp-content\/uploads\/2023\/08\/f3c3dc76ad8eecef2e82399a0447eb16-300x185.jpg 300w, https:\/\/www.opinionpublica.tv\/portada\/wp-content\/uploads\/2023\/08\/f3c3dc76ad8eecef2e82399a0447eb16-768x473.jpg 768w\" sizes=\"(max-width: 810px) 100vw, 810px\" \/><br \/>\n<!--more--><\/p>\n<p style=\"text-align: justify;\"><em>Ciudad Ju\u00e1rez, Chih<\/em>.- El DIF Estatal en conjunto con asociaciones civiles, inici\u00f3 el ciclo escolar 2023-2024 del \u201cPrograma de Acompa\u00f1amiento Integral para Tutelados de Ciudad Ju\u00e1rez\u201d, en el que se atender\u00e1 a 170 ni\u00f1as, ni\u00f1os y adolescentes desde preescolar a preparatoria, en un horario extendido y con personal especializado.<\/p>\n<p style=\"text-align: justify;\">En el programa participan los Centros de Asistencia Social (CAS): Casa de As\u00eds, Misi\u00f3n con Visi\u00f3n, Casa del Ni\u00f1o y el Anciano, Ni\u00f1os Superando, Hogar de Amor y Superaci\u00f3n, y Operaci\u00f3n M\u00e9xico Libre.<\/p>\n<p style=\"text-align: justify;\">El proyecto es impulsado por el DIF Estatal en colaboraci\u00f3n con Desarrollo Juvenil del Norte, Fundaci\u00f3n del Empresariado Chihuahuense (Fechac) y Fundaci\u00f3n Rosario Campos de Fern\u00e1ndez, con el objetivo de brindar acompa\u00f1amiento acad\u00e9mico a los menores titulados por el Estado.<\/p>\n<p style=\"text-align: justify;\">Tambi\u00e9n busca fortalecer su formaci\u00f3n extracurricular con un programa que incluye actividades culturales, deportivas, tecnol\u00f3gicas y recreativas, adem\u00e1s de atender las principales afectaciones psicoemocionales de las ni\u00f1as, ni\u00f1os y adolescentes.<\/p>\n<p style=\"text-align: justify;\">El evento fue presidido por Mar\u00eda Eugenia Galv\u00e1n Antill\u00f3n, presidenta del Consejo Consultivo para la Asistencia Social P\u00fablica del Estado de Chihuahua, quien agradeci\u00f3 a las personas y organizaciones de la sociedad civil que colaboran en hacer realidad este proyecto.<\/p>\n<p style=\"text-align: justify;\">\u201cTodos los que estamos aqu\u00ed estamos con el coraz\u00f3n conmovido, porque todos hemos colaborado, todos hemos luchado, ha sido una gran fuerza que hayamos trabajado en equipo\u201d, precis\u00f3.<\/p>\n<p style=\"text-align: justify;\">Agreg\u00f3 que por parte de Gobierno del Estado se han hecho varias aportaciones al proyecto y hay el compromiso de cubrir una cantidad de 5 millones de pesos anuales para que contin\u00fae.<\/p>\n<p style=\"text-align: justify;\">Destac\u00f3 que la gobernadora Maru Campos est\u00e1 muy interesada en que la educaci\u00f3n de estos ni\u00f1os siga adelante, por lo que ha dado todo el apoyo a este proyecto.<\/p>\n<p style=\"text-align: justify;\">\u201cEstos ni\u00f1os son tutelados por el Estado, vienen de albergues, de Centros de Atenci\u00f3n Social y queremos que pasen aqu\u00ed la mayor parte del tiempo, de 8:00 de la ma\u00f1ana a 6:00 de la tarde\u201d, indic\u00f3.<\/p>\n<p style=\"text-align: justify;\">Durante el evento que se realiz\u00f3 en las instalaciones del Centro Juvenil Salesiano Domingo Savio, en la colonia Nueva Galeana, se entreg\u00f3 a un alumno de cada grado un kit escolar, consistente en mochila, tenis y uniforme.<\/p>\n","protected":false},"excerpt":{"rendered":"","protected":false},"author":6,"featured_media":37495,"comment_status":"open","ping_status":"open","sticky":false,"template":"","format":"standard","meta":{"_acf_changed":false,"_monsterinsights_skip_tracking":false,"slim_seo":{"title":"Recibe DIF a 170 menores de Ju\u00e1rez en programa de \u2018Acompa\u00f1amiento Integral\u2019 - Opini\u00f3n P\u00fablica","description":"Ciudad Ju\u00e1rez, Chih .- El DIF Estatal en conjunto con asociaciones civiles, inici\u00f3 el ciclo escolar 2023-2024 del \u201cPrograma de Acompa\u00f1amiento Integral para Tute"},"footnotes":""},"categories":[11],"tags":[],"class_list":["post-37501","post","type-post","status-publish","format-standard","has-post-thumbnail","hentry","category-tendencias"],"acf":[],"_links":{"self":[{"href":"https:\/\/www.opinionpublica.tv\/portada\/wp-json\/wp\/v2\/posts\/37501","targetHints":{"allow":["GET"]}}],"collection":[{"href":"https:\/\/www.opinionpublica.tv\/portada\/wp-json\/wp\/v2\/posts"}],"about":[{"href":"https:\/\/www.opinionpublica.tv\/portada\/wp-json\/wp\/v2\/types\/post"}],"author":[{"embeddable":true,"href":"https:\/\/www.opinionpublica.tv\/portada\/wp-json\/wp\/v2\/users\/6"}],"replies":[{"embeddable":true,"href":"https:\/\/www.opinionpublica.tv\/portada\/wp-json\/wp\/v2\/comments?post=37501"}],"version-history":[{"count":0,"href":"https:\/\/www.opinionpublica.tv\/portada\/wp-json\/wp\/v2\/posts\/37501\/revisions"}],"wp:featuredmedia":[{"embeddable":true,"href":"https:\/\/www.opinionpublica.tv\/portada\/wp-json\/wp\/v2\/media\/37495"}],"wp:attachment":[{"href":"https:\/\/www.opinionpublica.tv\/portada\/wp-json\/wp\/v2\/media?parent=37501"}],"wp:term":[{"taxonomy":"category","embeddable":true,"href":"https:\/\/www.opinionpublica.tv\/portada\/wp-json\/wp\/v2\/categories?post=37501"},{"taxonomy":"post_tag","embeddable":true,"href":"https:\/\/www.opinionpublica.tv\/portada\/wp-json\/wp\/v2\/tags?post=37501"}],"curies":[{"name":"wp","href":"https:\/\/api.w.org\/{rel}","templated":true}]}}