{"id":37355,"date":"2023-08-24T06:00:00","date_gmt":"2023-08-24T04:00:00","guid":{"rendered":"https:\/\/www.opinionpublica.tv\/portada\/2023\/08\/24\/video-quien-era-yevgeny-prigozhin-el-lider-del-grupo-wagner-bbc-mundo\/"},"modified":"2023-08-24T06:00:00","modified_gmt":"2023-08-24T04:00:00","slug":"video-quien-era-yevgeny-prigozhin-el-lider-del-grupo-wagner-bbc-mundo","status":"publish","type":"post","link":"https:\/\/www.opinionpublica.tv\/portada\/video-quien-era-yevgeny-prigozhin-el-lider-del-grupo-wagner-bbc-mundo\/","title":{"rendered":"Video: \u00bfQui\u00e9n era Yevgeny Prigozhin, el l\u00edder del grupo Wagner? | BBC Mundo"},"content":{"rendered":"<p><img fetchpriority=\"high\" decoding=\"async\" class=\" size-full wp-image-37354\" src=\"https:\/\/www.opinionpublica.tv\/portada\/wp-content\/uploads\/2023\/08\/69ce74f17eca028e7c517e249e9537e9.jpg\" alt=\"\" width=\"545\" height=\"305\" srcset=\"https:\/\/www.opinionpublica.tv\/portada\/wp-content\/uploads\/2023\/08\/69ce74f17eca028e7c517e249e9537e9.jpg 545w, https:\/\/www.opinionpublica.tv\/portada\/wp-content\/uploads\/2023\/08\/69ce74f17eca028e7c517e249e9537e9-300x168.jpg 300w\" sizes=\"(max-width: 545px) 100vw, 545px\" \/><br \/>\n<!--more--><\/p>\n<p style=\"text-align: justify;\">Rusia abri\u00f3 una investigaci\u00f3n criminal luego de que se estrellara un avi\u00f3n y dio por muerto a Yevgeny Prigozhin el, el l\u00edder del grupo Wagner, el mayor ej\u00e9rcito privado del pa\u00eds.<\/p>\n<p style=\"text-align: justify;\">Prigozhin pas\u00f3 en los \u00faltimos meses de ser un aliado del Kremlin a protagonizar un mot\u00edn contra el alto mando militar ruso que el presidente Putin calific\u00f3 en su momento como una \u00abpu\u00f1alada por la espalda\u00bb.<\/p>\n<p style=\"text-align: justify;\">El presidente ruso Vladimir Putin dio sus condolencias.<\/p>\n<p style=\"text-align: justify;\">\u00bfQui\u00e9n era Yevgeny Prigozhin? BBC Mundo nos lo cuenta en este video.<\/p>\n<div class=\"k2_video\"><a href=\"https:\/\/www.youtube.com\/watch?v=P1xNURn3Dss?si=IRlLaaXf-BH7udpM\">https:\/\/www.youtube.com\/watch?v=P1xNURn3Dss?si=IRlLaaXf-BH7udpM<\/a>\n<\/div>\n","protected":false},"excerpt":{"rendered":"","protected":false},"author":6,"featured_media":37354,"comment_status":"open","ping_status":"open","sticky":false,"template":"","format":"standard","meta":{"_acf_changed":false,"_monsterinsights_skip_tracking":false,"slim_seo":{"title":"Video: \u00bfQui\u00e9n era Yevgeny Prigozhin, el l\u00edder del grupo Wagner? | BBC Mundo - Opini\u00f3n P\u00fablica","description":"Rusia abri\u00f3 una investigaci\u00f3n criminal luego de que se estrellara un avi\u00f3n y dio por muerto a Yevgeny Prigozhin el, el l\u00edder del grupo Wagner, el mayor ej\u00e9rcito"},"footnotes":""},"categories":[8],"tags":[],"class_list":["post-37355","post","type-post","status-publish","format-standard","has-post-thumbnail","hentry","category-videos"],"acf":[],"_links":{"self":[{"href":"https:\/\/www.opinionpublica.tv\/portada\/wp-json\/wp\/v2\/posts\/37355","targetHints":{"allow":["GET"]}}],"collection":[{"href":"https:\/\/www.opinionpublica.tv\/portada\/wp-json\/wp\/v2\/posts"}],"about":[{"href":"https:\/\/www.opinionpublica.tv\/portada\/wp-json\/wp\/v2\/types\/post"}],"author":[{"embeddable":true,"href":"https:\/\/www.opinionpublica.tv\/portada\/wp-json\/wp\/v2\/users\/6"}],"replies":[{"embeddable":true,"href":"https:\/\/www.opinionpublica.tv\/portada\/wp-json\/wp\/v2\/comments?post=37355"}],"version-history":[{"count":0,"href":"https:\/\/www.opinionpublica.tv\/portada\/wp-json\/wp\/v2\/posts\/37355\/revisions"}],"wp:featuredmedia":[{"embeddable":true,"href":"https:\/\/www.opinionpublica.tv\/portada\/wp-json\/wp\/v2\/media\/37354"}],"wp:attachment":[{"href":"https:\/\/www.opinionpublica.tv\/portada\/wp-json\/wp\/v2\/media?parent=37355"}],"wp:term":[{"taxonomy":"category","embeddable":true,"href":"https:\/\/www.opinionpublica.tv\/portada\/wp-json\/wp\/v2\/categories?post=37355"},{"taxonomy":"post_tag","embeddable":true,"href":"https:\/\/www.opinionpublica.tv\/portada\/wp-json\/wp\/v2\/tags?post=37355"}],"curies":[{"name":"wp","href":"https:\/\/api.w.org\/{rel}","templated":true}]}}