{"id":37344,"date":"2023-08-24T06:00:00","date_gmt":"2023-08-24T04:00:00","guid":{"rendered":"https:\/\/www.opinionpublica.tv\/portada\/2023\/08\/24\/enrique-alfaro-se-reune-con-xochitl-galvez-en-jalisco\/"},"modified":"2023-08-24T06:00:00","modified_gmt":"2023-08-24T04:00:00","slug":"enrique-alfaro-se-reune-con-xochitl-galvez-en-jalisco","status":"publish","type":"post","link":"https:\/\/www.opinionpublica.tv\/portada\/enrique-alfaro-se-reune-con-xochitl-galvez-en-jalisco\/","title":{"rendered":"Enrique Alfaro se re\u00fane con X\u00f3chitl G\u00e1lvez en Jalisco"},"content":{"rendered":"<p><img fetchpriority=\"high\" decoding=\"async\" class=\" size-full wp-image-37342\" src=\"https:\/\/www.opinionpublica.tv\/portada\/wp-content\/uploads\/2023\/08\/f422218fdda885981cfc8eee81734df9.jpg\" alt=\"\" class=\"caption\" title=\"La senadora X\u00f3chitl G\u00e1lvez con Enrique Alfaro, gobernador de Jalisco este jueves.\" width=\"745\" height=\"496\" srcset=\"https:\/\/www.opinionpublica.tv\/portada\/wp-content\/uploads\/2023\/08\/f422218fdda885981cfc8eee81734df9.jpg 745w, https:\/\/www.opinionpublica.tv\/portada\/wp-content\/uploads\/2023\/08\/f422218fdda885981cfc8eee81734df9-300x200.jpg 300w\" sizes=\"(max-width: 745px) 100vw, 745px\" \/><br \/>\n<!--more--><\/p>\n<p style=\"text-align: justify;\"><em>Guadalajara, Jalisco<\/em>.- El gobernador de Jalisco, Enrique Alfaro, se reuni\u00f3 la ma\u00f1ana de este jueves con la senadora panista X\u00f3chitl G\u00e1lvez, en Casa Jalisco, residencia oficial de los mandatarios estatales, como antes lo ha hecho con aspirantes a candidaturas presidenciales de otros partidos.<\/p>\n<p style=\"text-align: justify;\">\u201cMe dio mucho gusto recibir a mi amiga X\u00f3chitl G\u00e1lvez, una mujer valiente por la que tengo un gran respeto. Como gobernador del estado dialogar con las personas que definir\u00e1n el futuro de M\u00e9xico, conocer su visi\u00f3n y exponerles la situaci\u00f3n de nuestro estado siempre ser\u00e1 un ejercicio productivo. Estimada X\u00f3chitl, esta siempre ser\u00e1 tu casa\u201d, public\u00f3 Alfaro en sus redes sociales.<\/p>\n<p style=\"text-align: justify;\">El gobernante, quien hace un par de d\u00edas se deslind\u00f3 de la dirigencia nacional del partido Movimiento Ciudadano que le sirvi\u00f3 de \u201cveh\u00edculo\u201d -como \u00e9l mismo lo ha descrito- para ganar la presidencia municipal de Guadalajara en 2015 y la elecci\u00f3n de gobernador en 2018, no ha recibido a la pri\u00edsta Beatriz Paredes, quien este jueves por la noche junto a G\u00e1lvez sostendr\u00e1n el pen\u00faltimo foro regional de cara a la selecci\u00f3n de la candidata presidencial de la alianza que integran el PRI, PAN y PRD.<\/p>\n<p style=\"text-align: justify;\">La respuesta de G\u00e1lvez fue minutos despu\u00e9s de la publicaci\u00f3n que hizo Alfaro:<\/p>\n<p style=\"text-align: justify;\">\u201cMi querido gobernador Enrique Alfaro, siempre es un gusto platicar contigo y compartir visiones. Para construir el M\u00e9xico que merecemos, debemos escuchar todas las voces y la tuya es muy importante. Gracias por recibirme en tu hermoso estado\u201d.<\/p>\n<p style=\"text-align: justify;\"><em>Con informaci\u00f3n de La Jornada<\/em>.<\/p>\n","protected":false},"excerpt":{"rendered":"","protected":false},"author":6,"featured_media":37342,"comment_status":"open","ping_status":"open","sticky":false,"template":"","format":"standard","meta":{"_acf_changed":false,"_monsterinsights_skip_tracking":false,"slim_seo":{"title":"Enrique Alfaro se re\u00fane con X\u00f3chitl G\u00e1lvez en Jalisco - Opini\u00f3n P\u00fablica","description":"Guadalajara, Jalisco .- El gobernador de Jalisco, Enrique Alfaro, se reuni\u00f3 la ma\u00f1ana de este jueves con la senadora panista X\u00f3chitl G\u00e1lvez, en Casa Jalisco, re"},"footnotes":""},"categories":[4],"tags":[],"class_list":["post-37344","post","type-post","status-publish","format-standard","has-post-thumbnail","hentry","category-pulsopolitico"],"acf":[],"_links":{"self":[{"href":"https:\/\/www.opinionpublica.tv\/portada\/wp-json\/wp\/v2\/posts\/37344","targetHints":{"allow":["GET"]}}],"collection":[{"href":"https:\/\/www.opinionpublica.tv\/portada\/wp-json\/wp\/v2\/posts"}],"about":[{"href":"https:\/\/www.opinionpublica.tv\/portada\/wp-json\/wp\/v2\/types\/post"}],"author":[{"embeddable":true,"href":"https:\/\/www.opinionpublica.tv\/portada\/wp-json\/wp\/v2\/users\/6"}],"replies":[{"embeddable":true,"href":"https:\/\/www.opinionpublica.tv\/portada\/wp-json\/wp\/v2\/comments?post=37344"}],"version-history":[{"count":0,"href":"https:\/\/www.opinionpublica.tv\/portada\/wp-json\/wp\/v2\/posts\/37344\/revisions"}],"wp:featuredmedia":[{"embeddable":true,"href":"https:\/\/www.opinionpublica.tv\/portada\/wp-json\/wp\/v2\/media\/37342"}],"wp:attachment":[{"href":"https:\/\/www.opinionpublica.tv\/portada\/wp-json\/wp\/v2\/media?parent=37344"}],"wp:term":[{"taxonomy":"category","embeddable":true,"href":"https:\/\/www.opinionpublica.tv\/portada\/wp-json\/wp\/v2\/categories?post=37344"},{"taxonomy":"post_tag","embeddable":true,"href":"https:\/\/www.opinionpublica.tv\/portada\/wp-json\/wp\/v2\/tags?post=37344"}],"curies":[{"name":"wp","href":"https:\/\/api.w.org\/{rel}","templated":true}]}}