{"id":37343,"date":"2023-08-24T06:00:00","date_gmt":"2023-08-24T04:00:00","guid":{"rendered":"https:\/\/www.opinionpublica.tv\/portada\/2023\/08\/24\/designa-pan-a-comision-estatal-de-procesos-electorales-2023-2026-2\/"},"modified":"2023-08-24T06:00:00","modified_gmt":"2023-08-24T04:00:00","slug":"designa-pan-a-comision-estatal-de-procesos-electorales-2023-2026-2","status":"publish","type":"post","link":"https:\/\/www.opinionpublica.tv\/portada\/designa-pan-a-comision-estatal-de-procesos-electorales-2023-2026-2\/","title":{"rendered":"Designa PAN a comisi\u00f3n estatal de procesos electorales 23-26"},"content":{"rendered":"<p><img fetchpriority=\"high\" decoding=\"async\" class=\" size-full wp-image-37339\" src=\"https:\/\/www.opinionpublica.tv\/portada\/wp-content\/uploads\/2023\/08\/5f37c38cec98c05097c69b48b8ac5cef.jpg\" alt=\"\" class=\"caption\" title=\"Los comisionados panistas Abril Chavarr\u00eda, Ram\u00f3n S\u00e1enz Acosta y Manuel Armando Carre\u00f3n.\" width=\"1311\" height=\"901\" srcset=\"https:\/\/www.opinionpublica.tv\/portada\/wp-content\/uploads\/2023\/08\/5f37c38cec98c05097c69b48b8ac5cef.jpg 1311w, https:\/\/www.opinionpublica.tv\/portada\/wp-content\/uploads\/2023\/08\/5f37c38cec98c05097c69b48b8ac5cef-300x206.jpg 300w, https:\/\/www.opinionpublica.tv\/portada\/wp-content\/uploads\/2023\/08\/5f37c38cec98c05097c69b48b8ac5cef-1024x704.jpg 1024w, https:\/\/www.opinionpublica.tv\/portada\/wp-content\/uploads\/2023\/08\/5f37c38cec98c05097c69b48b8ac5cef-768x528.jpg 768w\" sizes=\"(max-width: 1311px) 100vw, 1311px\" \/><br \/>\n<!--more--><\/p>\n<p style=\"text-align: justify;\"><em>Chihuahua, Chih<\/em>.- El presidente del Comit\u00e9 Directivo Estatal del Partido Acci\u00f3n Nacional, Gabriel D\u00edaz Negrete, encabez\u00f3 este d\u00eda la toma de protesta de los integrantes de la \u201cComisi\u00f3n Estatal de Procesos Electorales 2023-2026\u201d, a cargo de poner en marcha las estrategias y directrices en concordancia con la dirigencia nacional.<\/p>\n<p style=\"text-align: justify;\">Asumieron como comisionados los reconocidos panistas: Abril Chavarr\u00eda como presidenta, Ram\u00f3n S\u00e1enz Acosta y Manuel Armando Carre\u00f3n.<\/p>\n<p style=\"text-align: justify;\">As\u00ed mismo, el presidente del PAN estatal celebr\u00f3 la declaraci\u00f3n del \u201cPrincipio de Excepci\u00f3n\u201d que fue solicitado ante instancias nacionales e internacionales por el Gobierno del Estado, en torno al proceso penal en contra del ex gobernador C\u00e9sar Horacio Duarte J\u00e1quez.<\/p>\n<p style=\"text-align: justify;\">El l\u00edder estatal de Acci\u00f3n Nacional, aprovech\u00f3 para felicitar a la gobernadora Mar\u00eda Eugenia Campos Galv\u00e1n, que una vez m\u00e1s demuestra su responsabilidad y compromiso con los chihuahuenses, de no tolerar ning\u00fan acto contrario a la ley.<\/p>\n","protected":false},"excerpt":{"rendered":"","protected":false},"author":6,"featured_media":37339,"comment_status":"open","ping_status":"open","sticky":false,"template":"","format":"standard","meta":{"_acf_changed":false,"_monsterinsights_skip_tracking":false,"slim_seo":{"title":"Designa PAN a comisi\u00f3n estatal de procesos electorales 23-26 - Opini\u00f3n P\u00fablica","description":"Chihuahua, Chih .- El presidente del Comit\u00e9 Directivo Estatal del Partido Acci\u00f3n Nacional, Gabriel D\u00edaz Negrete, encabez\u00f3 este d\u00eda la toma de protesta de los in"},"footnotes":""},"categories":[4],"tags":[],"class_list":["post-37343","post","type-post","status-publish","format-standard","has-post-thumbnail","hentry","category-pulsopolitico"],"acf":[],"_links":{"self":[{"href":"https:\/\/www.opinionpublica.tv\/portada\/wp-json\/wp\/v2\/posts\/37343","targetHints":{"allow":["GET"]}}],"collection":[{"href":"https:\/\/www.opinionpublica.tv\/portada\/wp-json\/wp\/v2\/posts"}],"about":[{"href":"https:\/\/www.opinionpublica.tv\/portada\/wp-json\/wp\/v2\/types\/post"}],"author":[{"embeddable":true,"href":"https:\/\/www.opinionpublica.tv\/portada\/wp-json\/wp\/v2\/users\/6"}],"replies":[{"embeddable":true,"href":"https:\/\/www.opinionpublica.tv\/portada\/wp-json\/wp\/v2\/comments?post=37343"}],"version-history":[{"count":0,"href":"https:\/\/www.opinionpublica.tv\/portada\/wp-json\/wp\/v2\/posts\/37343\/revisions"}],"wp:featuredmedia":[{"embeddable":true,"href":"https:\/\/www.opinionpublica.tv\/portada\/wp-json\/wp\/v2\/media\/37339"}],"wp:attachment":[{"href":"https:\/\/www.opinionpublica.tv\/portada\/wp-json\/wp\/v2\/media?parent=37343"}],"wp:term":[{"taxonomy":"category","embeddable":true,"href":"https:\/\/www.opinionpublica.tv\/portada\/wp-json\/wp\/v2\/categories?post=37343"},{"taxonomy":"post_tag","embeddable":true,"href":"https:\/\/www.opinionpublica.tv\/portada\/wp-json\/wp\/v2\/tags?post=37343"}],"curies":[{"name":"wp","href":"https:\/\/api.w.org\/{rel}","templated":true}]}}