{"id":37338,"date":"2023-08-24T06:00:00","date_gmt":"2023-08-24T04:00:00","guid":{"rendered":"https:\/\/www.opinionpublica.tv\/portada\/2023\/08\/24\/reabriran-circulacion-en-el-puente-carlos-villarreal-el-martes-29-2\/"},"modified":"2023-08-24T06:00:00","modified_gmt":"2023-08-24T04:00:00","slug":"reabriran-circulacion-en-el-puente-carlos-villarreal-el-martes-29-2","status":"publish","type":"post","link":"https:\/\/www.opinionpublica.tv\/portada\/reabriran-circulacion-en-el-puente-carlos-villarreal-el-martes-29-2\/","title":{"rendered":"Reabrir\u00e1n circulaci\u00f3n en puente Carlos Villarreal el martes 29"},"content":{"rendered":"<p><img fetchpriority=\"high\" decoding=\"async\" class=\" size-full wp-image-37333\" src=\"https:\/\/www.opinionpublica.tv\/portada\/wp-content\/uploads\/2023\/08\/bf3fb332be1c997e164e27eb4feb9c9b.jpg\" alt=\"\" class=\"caption\" title=\"El Puente Carlos Villarreal conecta El Chamizal con el resto de Ciudad Ju\u00e1rez.\" width=\"782\" height=\"552\" srcset=\"https:\/\/www.opinionpublica.tv\/portada\/wp-content\/uploads\/2023\/08\/bf3fb332be1c997e164e27eb4feb9c9b.jpg 782w, https:\/\/www.opinionpublica.tv\/portada\/wp-content\/uploads\/2023\/08\/bf3fb332be1c997e164e27eb4feb9c9b-300x212.jpg 300w, https:\/\/www.opinionpublica.tv\/portada\/wp-content\/uploads\/2023\/08\/bf3fb332be1c997e164e27eb4feb9c9b-768x542.jpg 768w\" sizes=\"(max-width: 782px) 100vw, 782px\" \/><br \/>\n<!--more--><\/p>\n<p style=\"text-align: justify;\"><em>Ciudad Ju\u00e1rez, Chih<\/em>.- El director general de Obras P\u00fablicas, Daniel Gonz\u00e1lez Garc\u00eda, dio a conocer que las obras de rehabilitaci\u00f3n e imagen urbana del puente Carlos Villarreal est\u00e1n por concluir y a partir del martes 29 se reabrir\u00e1 la circulaci\u00f3n vial en toda la zona.<\/p>\n<p style=\"text-align: justify;\">Explic\u00f3 que ya concluyeron con los trabajos m\u00e1s complejos del proyecto y en las pr\u00f3ximas semanas solo se har\u00e1n trabajos complementarios en ambos puentes, as\u00ed como en el vado que construyeron en avenida Heroico Colegio Militar y las obras de repavimentaci\u00f3n e imagen urbana de las avenidas Abraham Lincoln y De las Am\u00e9ricas.<\/p>\n<p style=\"text-align: justify;\">La apertura se determin\u00f3 luego de que este d\u00eda por la ma\u00f1ana se hizo un recorrido para supervisar el avance de las obras, las cuales iniciaron el pasado 17 de febrero por \u00f3rdenes del presidente municipal, Cruz P\u00e9rez Cu\u00e9llar.<\/p>\n<p style=\"text-align: justify;\">\u00abNo hay nada que impida la apertura el pr\u00f3ximo martes, podemos decir que cumplimos la meta una semana antes de lo estimado, aunque a\u00fan falta la colocaci\u00f3n de l\u00e1mparas decorativas, retir\u00f3 de escombro, limpieza y trabajos menores en el barandal\u00bb, se\u00f1al\u00f3.<\/p>\n<p style=\"text-align: justify;\">Sin embargo, coment\u00f3 que estos detalles ser\u00e1n atendidos sin problema si se reanuda la circulaci\u00f3n vehicular por la zona.<\/p>\n<p style=\"text-align: justify;\">El funcionario dijo que una vez que se abra la circulaci\u00f3n en el puente y en la avenida Heroico Colegio Militar, el personal de la dependencia tambi\u00e9n trabaja en la reparaci\u00f3n de camellones del sector, pues algunos tuvieron que ser modificados para permitir que la comunidad circulara por ah\u00ed durante el desarrollo de los trabajos.<\/p>\n","protected":false},"excerpt":{"rendered":"","protected":false},"author":6,"featured_media":37333,"comment_status":"open","ping_status":"open","sticky":false,"template":"","format":"standard","meta":{"_acf_changed":false,"_monsterinsights_skip_tracking":false,"slim_seo":{"title":"Reabrir\u00e1n circulaci\u00f3n en puente Carlos Villarreal el martes 29 - Opini\u00f3n P\u00fablica","description":"Ciudad Ju\u00e1rez, Chih .- El director general de Obras P\u00fablicas, Daniel Gonz\u00e1lez Garc\u00eda, dio a conocer que las obras de rehabilitaci\u00f3n e imagen urbana del puente C"},"footnotes":""},"categories":[41],"tags":[],"class_list":["post-37338","post","type-post","status-publish","format-standard","has-post-thumbnail","hentry","category-juarez"],"acf":[],"_links":{"self":[{"href":"https:\/\/www.opinionpublica.tv\/portada\/wp-json\/wp\/v2\/posts\/37338","targetHints":{"allow":["GET"]}}],"collection":[{"href":"https:\/\/www.opinionpublica.tv\/portada\/wp-json\/wp\/v2\/posts"}],"about":[{"href":"https:\/\/www.opinionpublica.tv\/portada\/wp-json\/wp\/v2\/types\/post"}],"author":[{"embeddable":true,"href":"https:\/\/www.opinionpublica.tv\/portada\/wp-json\/wp\/v2\/users\/6"}],"replies":[{"embeddable":true,"href":"https:\/\/www.opinionpublica.tv\/portada\/wp-json\/wp\/v2\/comments?post=37338"}],"version-history":[{"count":0,"href":"https:\/\/www.opinionpublica.tv\/portada\/wp-json\/wp\/v2\/posts\/37338\/revisions"}],"wp:featuredmedia":[{"embeddable":true,"href":"https:\/\/www.opinionpublica.tv\/portada\/wp-json\/wp\/v2\/media\/37333"}],"wp:attachment":[{"href":"https:\/\/www.opinionpublica.tv\/portada\/wp-json\/wp\/v2\/media?parent=37338"}],"wp:term":[{"taxonomy":"category","embeddable":true,"href":"https:\/\/www.opinionpublica.tv\/portada\/wp-json\/wp\/v2\/categories?post=37338"},{"taxonomy":"post_tag","embeddable":true,"href":"https:\/\/www.opinionpublica.tv\/portada\/wp-json\/wp\/v2\/tags?post=37338"}],"curies":[{"name":"wp","href":"https:\/\/api.w.org\/{rel}","templated":true}]}}