{"id":37332,"date":"2023-08-24T06:00:00","date_gmt":"2023-08-24T04:00:00","guid":{"rendered":"https:\/\/www.opinionpublica.tv\/portada\/2023\/08\/24\/aplica-estado-principio-de-excepcion-y-emite-orden-de-aprehension-vs-cesar-duarte\/"},"modified":"2023-08-24T06:00:00","modified_gmt":"2023-08-24T04:00:00","slug":"aplica-estado-principio-de-excepcion-y-emite-orden-de-aprehension-vs-cesar-duarte","status":"publish","type":"post","link":"https:\/\/www.opinionpublica.tv\/portada\/aplica-estado-principio-de-excepcion-y-emite-orden-de-aprehension-vs-cesar-duarte\/","title":{"rendered":"Aplica Estado Principio de Excepci\u00f3n y da otra orden de aprehensi\u00f3n a C\u00e9sar Duarte"},"content":{"rendered":"<p><img fetchpriority=\"high\" decoding=\"async\" class=\" size-full wp-image-37330\" src=\"https:\/\/www.opinionpublica.tv\/portada\/wp-content\/uploads\/2023\/08\/53a62338f32b1a06521eebd16f0a62cd.jpg\" alt=\"\" class=\"caption\" title=\"La gobernadora Maru Campos asegur\u00f3 que 'no habr\u00e1 ni perd\u00f3n, ni olvido'.\" width=\"1024\" height=\"529\" srcset=\"https:\/\/www.opinionpublica.tv\/portada\/wp-content\/uploads\/2023\/08\/53a62338f32b1a06521eebd16f0a62cd.jpg 1024w, https:\/\/www.opinionpublica.tv\/portada\/wp-content\/uploads\/2023\/08\/53a62338f32b1a06521eebd16f0a62cd-300x155.jpg 300w, https:\/\/www.opinionpublica.tv\/portada\/wp-content\/uploads\/2023\/08\/53a62338f32b1a06521eebd16f0a62cd-768x397.jpg 768w\" sizes=\"(max-width: 1024px) 100vw, 1024px\" \/><br \/>\n<!--more--><\/p>\n<p style=\"text-align: justify;\"><em>Chihuahua, Chih<\/em>.- Las autoridades de Estados Unidos autorizaron al Gobierno del Estado de Chihuahua, la aplicaci\u00f3n del denominado Principio de Excepci\u00f3n en el caso del ex gobernador C\u00e9sar Duarte, por lo que se le podr\u00e1 procesar por delitos distintos al que origin\u00f3 su extradici\u00f3n.<\/p>\n<p style=\"text-align: justify;\">A trav\u00e9s de un video publicado en sus redes sociales, la gobernadora Maru Campos explic\u00f3 que la solicitud se realiz\u00f3 hace a\u00f1o y medio, por lo que, con base en este consentimiento, se le abri\u00f3 un segundo proceso penal, en el que se le acusa de cometer el delito de peculado por 120 millones de pesos.<\/p>\n<p style=\"text-align: justify;\">\u201cDesde anoche fue ejercida una nueva orden de aprehensi\u00f3n y se notific\u00f3 al poder Judicial del Estado de Chihuahua, para que se inicie el proceso pertinente que juzgar\u00e1 sobre los hechos imputados\u201d, dio a conocer la mandataria estatal.<\/p>\n<p style=\"text-align: justify;\">Record\u00f3 que sobre el ex gobernador C\u00e9sar Duarte se encuentra abierto otro proceso con cargos por peculado por 96 millones de pesos, que fue la causa por la que se le detuvo en el estado de Florida en 2020 y extraditado dos a\u00f1os despu\u00e9s, para ser presentado antes las autoridades chihuahuenses.<\/p>\n<p style=\"text-align: justify;\">Respecto a la nueva orden de aprehensi\u00f3n que le fue ejercida, instruy\u00f3 a las diversas dependencias del Gobierno del Estado, en especial a la Fiscal\u00eda General del Estado, se mantengan pendientes del proceso judicial para coadyuvar por todos los medios posibles en la aplicaci\u00f3n de la justicia.<\/p>\n<p style=\"text-align: justify;\">\u201cEstoy convencida que el buen gobierno comienza por el respeto de los recursos p\u00fablicos y por eso quiero dejarlo muy claro: como gobernadora, presentar\u00e9 ante la justicia a todo aquel cuya conducta presuma afectaci\u00f3n de los recursos de los chihuahuenses\u201d, sentenci\u00f3.<\/p>\n<p style=\"text-align: justify;\">Record\u00f3 que al asumir al frente del Ejecutivo estatal hace dos a\u00f1os, fue clara en advertir que \u201cno habr\u00eda ni perd\u00f3n, ni olvido\u201d, en los casos de funcionarios p\u00fablicos de los que se sospeche, actuaron en contra de los intereses de los chihuahuenses.<\/p>\n<p style=\"text-align: justify;\">\u00abLos invito a seguir adelante juntos con la firme determinaci\u00f3n de darle la vuelta a esos oscuros a\u00f1os de nuestra historia. Poco a poco hemos logrado poner orden en el Gobierno y estoy segura de que, con la acci\u00f3n de la justicia, estamos sentando las bases para un futuro de integridad y resultados para todos\u201d, finaliz\u00f3.<\/p>\n","protected":false},"excerpt":{"rendered":"","protected":false},"author":6,"featured_media":37330,"comment_status":"open","ping_status":"open","sticky":false,"template":"","format":"standard","meta":{"_acf_changed":false,"_monsterinsights_skip_tracking":false,"slim_seo":{"title":"Aplica Estado Principio de Excepci\u00f3n y da otra orden de aprehensi\u00f3n a C\u00e9sar Duarte - Opini\u00f3n P\u00fablica","description":"Chihuahua, Chih .- Las autoridades de Estados Unidos autorizaron al Gobierno del Estado de Chihuahua, la aplicaci\u00f3n del denominado Principio de Excepci\u00f3n en el"},"footnotes":""},"categories":[3],"tags":[],"class_list":["post-37332","post","type-post","status-publish","format-standard","has-post-thumbnail","hentry","category-principal"],"acf":[],"_links":{"self":[{"href":"https:\/\/www.opinionpublica.tv\/portada\/wp-json\/wp\/v2\/posts\/37332","targetHints":{"allow":["GET"]}}],"collection":[{"href":"https:\/\/www.opinionpublica.tv\/portada\/wp-json\/wp\/v2\/posts"}],"about":[{"href":"https:\/\/www.opinionpublica.tv\/portada\/wp-json\/wp\/v2\/types\/post"}],"author":[{"embeddable":true,"href":"https:\/\/www.opinionpublica.tv\/portada\/wp-json\/wp\/v2\/users\/6"}],"replies":[{"embeddable":true,"href":"https:\/\/www.opinionpublica.tv\/portada\/wp-json\/wp\/v2\/comments?post=37332"}],"version-history":[{"count":0,"href":"https:\/\/www.opinionpublica.tv\/portada\/wp-json\/wp\/v2\/posts\/37332\/revisions"}],"wp:featuredmedia":[{"embeddable":true,"href":"https:\/\/www.opinionpublica.tv\/portada\/wp-json\/wp\/v2\/media\/37330"}],"wp:attachment":[{"href":"https:\/\/www.opinionpublica.tv\/portada\/wp-json\/wp\/v2\/media?parent=37332"}],"wp:term":[{"taxonomy":"category","embeddable":true,"href":"https:\/\/www.opinionpublica.tv\/portada\/wp-json\/wp\/v2\/categories?post=37332"},{"taxonomy":"post_tag","embeddable":true,"href":"https:\/\/www.opinionpublica.tv\/portada\/wp-json\/wp\/v2\/tags?post=37332"}],"curies":[{"name":"wp","href":"https:\/\/api.w.org\/{rel}","templated":true}]}}