{"id":37319,"date":"2023-08-24T06:00:00","date_gmt":"2023-08-24T04:00:00","guid":{"rendered":"https:\/\/www.opinionpublica.tv\/portada\/2023\/08\/24\/avanza-adecuacion-para-apertura-de-escuela-primaria-de-valle-del-sol\/"},"modified":"2023-08-24T06:00:00","modified_gmt":"2023-08-24T04:00:00","slug":"avanza-adecuacion-para-apertura-de-escuela-primaria-de-valle-del-sol","status":"publish","type":"post","link":"https:\/\/www.opinionpublica.tv\/portada\/avanza-adecuacion-para-apertura-de-escuela-primaria-de-valle-del-sol\/","title":{"rendered":"Avanza adecuaci\u00f3n para apertura de nueva escuela primaria en Valle del Sol"},"content":{"rendered":"<p><img fetchpriority=\"high\" decoding=\"async\" class=\" size-full wp-image-37317\" src=\"https:\/\/www.opinionpublica.tv\/portada\/wp-content\/uploads\/2023\/08\/f33698d12d4da438ff79314b9ee31644.jpg\" alt=\"\" class=\"caption\" title=\"La nueva Primaria de Valle del Sol estar\u00e1 ubicada enseguida de la Secundaria Federal 22.\" width=\"600\" height=\"450\" srcset=\"https:\/\/www.opinionpublica.tv\/portada\/wp-content\/uploads\/2023\/08\/f33698d12d4da438ff79314b9ee31644.jpg 600w, https:\/\/www.opinionpublica.tv\/portada\/wp-content\/uploads\/2023\/08\/f33698d12d4da438ff79314b9ee31644-300x225.jpg 300w\" sizes=\"(max-width: 600px) 100vw, 600px\" \/><br \/>\n<!--more--><\/p>\n<p style=\"text-align: justify;\"><em>Ciudad Ju\u00e1rez, Chih<\/em>.- La Subsecretar\u00eda de Educaci\u00f3n y Deporte de la Zona Norte inform\u00f3 que se intensificaron los trabajos de adecuaci\u00f3n para la pr\u00f3xima apertura de la Escuela Primaria Valle del Sol, que iniciar\u00e1 actividades en el Ciclo Escolar 2023-2024.<\/p>\n<p style=\"text-align: justify;\">Maurilio Fuentes Estrada, titular de la dependencia, dio a conocer que en el terreno se instalaron seis aulas m\u00f3viles, de las cuales cinco ser\u00e1n para los diferentes grupos, de \u00e9stas, una es d\u00faplex para albergar a dos grados, y otra m\u00e1s que fungir\u00e1 como Direcci\u00f3n del plantel.<\/p>\n<p style=\"text-align: justify;\">Dijo que gracias al \u00e1rea de Planeaci\u00f3n de Servicios Educativos del Estado de Chihuahua (SEECH), a cargo de Oscar Vega junto con su equipo, Jos\u00e9 Luis Barriga y Jos\u00e9 \u00c1ngel Gonz\u00e1lez, as\u00ed como gente de la comunidad, como Gilberto Cuevas de Gr\u00faas del Norte, se efectu\u00f3 el traslado de las aulas.<\/p>\n<p style=\"text-align: justify;\">A\u00f1adi\u00f3 que tambi\u00e9n se realizan trabajos de introducci\u00f3n de los cables de electricidad y tuber\u00eda para el agua potable, desde las instalaciones de la Secundaria Federal 22 hasta la nueva primaria, as\u00ed como la instalaci\u00f3n de una malla cicl\u00f3nica para separar ambos planteles.<\/p>\n<p style=\"text-align: justify;\">Fuentes Estrada dijo que estar\u00edan pendientes conectar ambos servicios a cada aula, as\u00ed como la remodelaci\u00f3n y mantenimiento de las aulas con trabajos de mamposter\u00eda, pintura, reparaci\u00f3n de faldones y otros detalles.<\/p>\n<p style=\"text-align: justify;\">\u201cTuvimos una donaci\u00f3n de Jes\u00fas Sandoval de Inmobiliaria Ruba, y lo digo con todas sus letras porque es importante que se sepa que la comunidad nos ayuda a crear las escuelas, ahora s\u00ed que juntos s\u00ed podemos\u201d, enfatiz\u00f3 el subsecretario.<\/p>\n<p style=\"text-align: justify;\">El funcionario indic\u00f3 que el inicio de clases en este nuevo centro escolar, el pr\u00f3ximo lunes 28 de agosto, ser\u00e1 en las instalaciones de la Biblioteca Bonanza, ubicada en la calle Francisco Wong, que fue prestada por la directora de Educaci\u00f3n del Municipio, Martha Aracely Gonz\u00e1lez.<\/p>\n<p style=\"text-align: justify;\">Tal como se hizo cuando fue el arranque de la Secundaria Federal No.22, a fin de que en un breve tiempo puedan trasladarse a los terrenos propios, cuando ya est\u00e9n totalmente habilitadas las aulas.<\/p>\n<p style=\"text-align: justify;\">La nueva Escuela Primaria de Valle del Sol estar\u00e1 ubicada enseguida de la Secundaria Federal No.22, ambas en un terreno compartido de 33 mil metros cuadrados, ubicado en las calles San Bernardo y Pascual Ortiz Rubio.<\/p>\n","protected":false},"excerpt":{"rendered":"","protected":false},"author":6,"featured_media":37317,"comment_status":"open","ping_status":"open","sticky":false,"template":"","format":"standard","meta":{"_acf_changed":false,"_monsterinsights_skip_tracking":false,"slim_seo":{"title":"Avanza adecuaci\u00f3n para apertura de nueva escuela primaria en Valle del Sol - Opini\u00f3n P\u00fablica","description":"Ciudad Ju\u00e1rez, Chih .- La Subsecretar\u00eda de Educaci\u00f3n y Deporte de la Zona Norte inform\u00f3 que se intensificaron los trabajos de adecuaci\u00f3n para la pr\u00f3xima apertur"},"footnotes":""},"categories":[11],"tags":[],"class_list":["post-37319","post","type-post","status-publish","format-standard","has-post-thumbnail","hentry","category-tendencias"],"acf":[],"_links":{"self":[{"href":"https:\/\/www.opinionpublica.tv\/portada\/wp-json\/wp\/v2\/posts\/37319","targetHints":{"allow":["GET"]}}],"collection":[{"href":"https:\/\/www.opinionpublica.tv\/portada\/wp-json\/wp\/v2\/posts"}],"about":[{"href":"https:\/\/www.opinionpublica.tv\/portada\/wp-json\/wp\/v2\/types\/post"}],"author":[{"embeddable":true,"href":"https:\/\/www.opinionpublica.tv\/portada\/wp-json\/wp\/v2\/users\/6"}],"replies":[{"embeddable":true,"href":"https:\/\/www.opinionpublica.tv\/portada\/wp-json\/wp\/v2\/comments?post=37319"}],"version-history":[{"count":0,"href":"https:\/\/www.opinionpublica.tv\/portada\/wp-json\/wp\/v2\/posts\/37319\/revisions"}],"wp:featuredmedia":[{"embeddable":true,"href":"https:\/\/www.opinionpublica.tv\/portada\/wp-json\/wp\/v2\/media\/37317"}],"wp:attachment":[{"href":"https:\/\/www.opinionpublica.tv\/portada\/wp-json\/wp\/v2\/media?parent=37319"}],"wp:term":[{"taxonomy":"category","embeddable":true,"href":"https:\/\/www.opinionpublica.tv\/portada\/wp-json\/wp\/v2\/categories?post=37319"},{"taxonomy":"post_tag","embeddable":true,"href":"https:\/\/www.opinionpublica.tv\/portada\/wp-json\/wp\/v2\/tags?post=37319"}],"curies":[{"name":"wp","href":"https:\/\/api.w.org\/{rel}","templated":true}]}}