{"id":37260,"date":"2023-08-22T06:00:00","date_gmt":"2023-08-22T04:00:00","guid":{"rendered":"https:\/\/www.opinionpublica.tv\/portada\/2023\/08\/22\/xochitl-invita-a-creel-a-ser-su-coordinador-de-campana\/"},"modified":"2023-08-22T06:00:00","modified_gmt":"2023-08-22T04:00:00","slug":"xochitl-invita-a-creel-a-ser-su-coordinador-de-campana","status":"publish","type":"post","link":"https:\/\/www.opinionpublica.tv\/portada\/xochitl-invita-a-creel-a-ser-su-coordinador-de-campana\/","title":{"rendered":"X\u00f3chitl invita a Creel a ser su coordinador de campa\u00f1a"},"content":{"rendered":"<p><img fetchpriority=\"high\" decoding=\"async\" class=\" size-full wp-image-37258\" src=\"https:\/\/www.opinionpublica.tv\/portada\/wp-content\/uploads\/2023\/08\/60f855b3e4e244bcc1bf3f94f00c6027.jpg\" alt=\"\" class=\"caption\" title=\"Santiago Creel declin\u00f3 este lunes a favor de su compa\u00f1era de partido, X\u00f3chitl G\u00e1lvez.\" width=\"800\" height=\"600\" srcset=\"https:\/\/www.opinionpublica.tv\/portada\/wp-content\/uploads\/2023\/08\/60f855b3e4e244bcc1bf3f94f00c6027.jpg 800w, https:\/\/www.opinionpublica.tv\/portada\/wp-content\/uploads\/2023\/08\/60f855b3e4e244bcc1bf3f94f00c6027-300x225.jpg 300w, https:\/\/www.opinionpublica.tv\/portada\/wp-content\/uploads\/2023\/08\/60f855b3e4e244bcc1bf3f94f00c6027-768x576.jpg 768w\" sizes=\"(max-width: 800px) 100vw, 800px\" \/><br \/>\n<!--more--><\/p>\n<p style=\"text-align: justify;\">La senadora X\u00f3chitl G\u00e1lvez, aspirante presidencial del Frente Amplio por M\u00e9xico, invit\u00f3 a Santiago Creel, a ser su coordinador de campa\u00f1a, en caso de que ella quede al frente de la coalici\u00f3n PAN, PRI, PRD.<\/p>\n<p style=\"text-align: justify;\">Este lunes, Creel declin\u00f3 en sus aspiraciones presenciales para apoyar a G\u00e1lvez Ruiz, como se lo hab\u00edan solicitado los exgobernadores del PAN y militantes de ese partido.<\/p>\n<p style=\"text-align: justify;\">La senadora llam\u00f3 al ex presidente de la C\u00e1mara de Diputado a que forme parte de su equipo como coordinador general \u201cen todo lo que viene\u201d.<\/p>\n<p style=\"text-align: justify;\">Reconoci\u00f3 que Santiago Creel es un \u201chombre de palabra\u201d, pues revel\u00f3 que tuvieron una pl\u00e1tica privada donde ambos acordaron apoyarse en caso de que las encuestas se inclinaran a su favor de uno de los dos en el proceso interno del frente opositor.<\/p>\n<p style=\"text-align: justify;\">Recuerdo perfectamente esa pl\u00e1tica en mi casa, donde acordamos ir juntos en este proyecto y te dije que si tu ibas arriba en las encuestas yo te apoyar\u00eda y tu me dijiste exactamente lo mismo, y hoy est\u00e1s cumpliendo tu palabra\u201d, dijo X\u00f3chitl G\u00e1lvez.<\/p>\n<p style=\"text-align: justify;\">Asimismo destac\u00f3 la amistad que sostienen y reconoci\u00f3 la convicci\u00f3n de Santiago Creel, ya que puso por encima de sus intereses el \u201camor a la patria\u201d.<\/p>\n<p style=\"text-align: justify;\">\u201cLa lecci\u00f3n que hoy nos das es de un gran dem\u00f3crata, pusiste por encima de tus intereses personales tu profundo amor por la patria\u201d, indic\u00f3 en un video en redes sociales X\u00f3chitl G\u00e1lvez.<\/p>\n<p style=\"text-align: justify;\">Por su parte, el dirigente nacional del PAN, Marko Cort\u00e9s reconoci\u00f3 el valor de la unidad entre la senadora G\u00e1lvez Ruiz y Santiago Creel Miranda.<\/p>\n<p style=\"text-align: justify;\">\u201cQuerida X\u00f3chitl G\u00e1lvez, cuentas con todos nosotros para enfrentar y ganar las siguientes batallas. En equipo, nada ni nadie nos va a poder parar. Juntos, \u00a1vamos a lograr cambiar M\u00e9xico!\u201d, escribi\u00f3 Cort\u00e9s en redes sociales.<\/p>\n<p style=\"text-align: justify;\">El lunes Santiago Creel comparti\u00f3 en redes sociales un video donde anunci\u00f3 que se retiraba de la contienda del Frente Amplio por M\u00e9xico. (Exc\u00e9lsior)<\/p>\n","protected":false},"excerpt":{"rendered":"","protected":false},"author":6,"featured_media":37258,"comment_status":"open","ping_status":"open","sticky":false,"template":"","format":"standard","meta":{"_acf_changed":false,"_monsterinsights_skip_tracking":false,"slim_seo":{"title":"X\u00f3chitl invita a Creel a ser su coordinador de campa\u00f1a - Opini\u00f3n P\u00fablica","description":"La senadora X\u00f3chitl G\u00e1lvez, aspirante presidencial del Frente Amplio por M\u00e9xico, invit\u00f3 a Santiago Creel, a ser su coordinador de campa\u00f1a, en caso de que ella q"},"footnotes":""},"categories":[4],"tags":[],"class_list":["post-37260","post","type-post","status-publish","format-standard","has-post-thumbnail","hentry","category-pulsopolitico"],"acf":[],"_links":{"self":[{"href":"https:\/\/www.opinionpublica.tv\/portada\/wp-json\/wp\/v2\/posts\/37260","targetHints":{"allow":["GET"]}}],"collection":[{"href":"https:\/\/www.opinionpublica.tv\/portada\/wp-json\/wp\/v2\/posts"}],"about":[{"href":"https:\/\/www.opinionpublica.tv\/portada\/wp-json\/wp\/v2\/types\/post"}],"author":[{"embeddable":true,"href":"https:\/\/www.opinionpublica.tv\/portada\/wp-json\/wp\/v2\/users\/6"}],"replies":[{"embeddable":true,"href":"https:\/\/www.opinionpublica.tv\/portada\/wp-json\/wp\/v2\/comments?post=37260"}],"version-history":[{"count":0,"href":"https:\/\/www.opinionpublica.tv\/portada\/wp-json\/wp\/v2\/posts\/37260\/revisions"}],"wp:featuredmedia":[{"embeddable":true,"href":"https:\/\/www.opinionpublica.tv\/portada\/wp-json\/wp\/v2\/media\/37258"}],"wp:attachment":[{"href":"https:\/\/www.opinionpublica.tv\/portada\/wp-json\/wp\/v2\/media?parent=37260"}],"wp:term":[{"taxonomy":"category","embeddable":true,"href":"https:\/\/www.opinionpublica.tv\/portada\/wp-json\/wp\/v2\/categories?post=37260"},{"taxonomy":"post_tag","embeddable":true,"href":"https:\/\/www.opinionpublica.tv\/portada\/wp-json\/wp\/v2\/tags?post=37260"}],"curies":[{"name":"wp","href":"https:\/\/api.w.org\/{rel}","templated":true}]}}