{"id":37255,"date":"2023-08-22T06:00:00","date_gmt":"2023-08-22T04:00:00","guid":{"rendered":"https:\/\/www.opinionpublica.tv\/portada\/2023\/08\/22\/de-quien-son-los-degollados-2\/"},"modified":"2023-08-22T06:00:00","modified_gmt":"2023-08-22T04:00:00","slug":"de-quien-son-los-degollados-2","status":"publish","type":"post","link":"https:\/\/www.opinionpublica.tv\/portada\/de-quien-son-los-degollados-2\/","title":{"rendered":"\u00bfDe qui\u00e9n son los degollados?"},"content":{"rendered":"<img fetchpriority=\"high\" decoding=\"async\" class=\" size-full wp-image-37247\" src=\"https:\/\/www.opinionpublica.tv\/portada\/wp-content\/uploads\/2023\/08\/6b6bbbc9d29e68c16142c80423236c08.jpg\" alt=\"\" class=\"caption\" title=\"Jorge G. Casta\u00f1eda.\" width=\"225\" height=\"225\" srcset=\"https:\/\/www.opinionpublica.tv\/portada\/wp-content\/uploads\/2023\/08\/6b6bbbc9d29e68c16142c80423236c08.jpg 225w, https:\/\/www.opinionpublica.tv\/portada\/wp-content\/uploads\/2023\/08\/6b6bbbc9d29e68c16142c80423236c08-150x150.jpg 150w\" sizes=\"(max-width: 225px) 100vw, 225px\" \/>\n<p style=\"text-align: justify;\">La barbarie exhibida en el video de Lagos de Moreno obliga a afirmar una barbaridad innegable. L\u00f3pez Obrador tiene raz\u00f3n: la culpa es de Calder\u00f3n. Lo cual no lo exculpa de mostrar una falta de empat\u00eda casi inhumana, ni de burlarse de la tragedia, ni de haber perpetuado la guerra de Calder\u00f3n. Pero todo empieza con Calder\u00f3n a finales de 2006, y las consecuencias de esa decisi\u00f3n aberrante no han desaparecido.<\/p>\n<p><!--more--><\/p>\n<p style=\"text-align: justify;\">Hoy, casi 17 a\u00f1os m\u00e1s tarde, hay m\u00e1s violencia en M\u00e9xico, m\u00e1s atrocidades dentro de esa violencia, m\u00e1s drogas (de otro tipo) encaminadas a Estados Unidos, m\u00e1s muertos en Estados Unidos producto de dichas drogas, m\u00e1s extensi\u00f3n de la fuerza y presencia de los c\u00e1rteles mexicanos a otros pa\u00edses (Ecuador), m\u00e1s corrupci\u00f3n e injerencia del crimen organizado en la arena electoral mexicana, y la peor imagen internacional que ha tenido M\u00e9xico.<\/p>\n<p style=\"text-align: justify;\">Como se recordar\u00e1, Calder\u00f3n declar\u00f3 su guerra innecesaria, optativa, y motivada principalmente por consideraciones pol\u00edticas internas en diciembre de 2006. M\u00e1s de un tercio de la poblaci\u00f3n descre\u00eda de su victoria electoral (yo no), y su toma de posesi\u00f3n casi no se produce (se la debi\u00f3 al PRI y a Manlio Fabio Beltrones). Como demostramos Rub\u00e9n Aguilar y yo desde 2009 en El narco: La guerra fallida, todos los argumentos esgrimidos por Calder\u00f3n para justificar su guerra eran falsos.<\/p>\n<p style=\"text-align: justify;\">\u201cPara que la droga no llegue a tus hijos\u201d: mentira. M\u00e9xico ten\u00eda entonces, y sigue teniendo hoy, uno de los \u00edndices de consumo y adicci\u00f3n a las drogas m\u00e1s bajos de Am\u00e9rica Latina, ya sin hablar de Europa o Estados Unidos. A pesar de la bola de trogloditas que han pasado por la Conadic, y de que AMLO suspendi\u00f3 sus encuestas de adicciones, las cifras siguen siendo m\u00ednimas y los incrementos son porcentualmente elevados porque se dan a partir de bases muy bajas.<\/p>\n<p style=\"text-align: justify;\">\u201cPara detener una violencia descontrolada\u201d: mentira. Las cabezas tiradas a la pista de baile de un antro en Uruapan a finales de 2006 fueron estrujantes (no m\u00e1s que el video de Lagos), pero la violencia en M\u00e9xico se encontraba en sus niveles m\u00e1s bajos de la historia moderna. Fox le entrega a Calder\u00f3n ocho homicidios dolosos por 100\u202f000 habitantes, y todav\u00eda durante 2007, bajo el nuevo sexenio, la cifra desciende casi a siete \u2014comparable a Estados Unidos, y a apenas el doble de muchos pa\u00edses europeos. Lleg\u00f3 hasta casi treinta a principios de este sexenio, y se mantiene por arriba de veinticinco, sin contar el incremento de desaparecidos (como los de Lagos) durante este sexenio y que probablemente explique en parte el ligero descenso de homicidios.<\/p>\n<p style=\"text-align: justify;\">\u201cTodo es culpa de las armas gringas\u201d: mentira. La Assault Weapons Ban (Prohibici\u00f3n de Venta de Fusiles de Asalto) prescribi\u00f3 en 2004 \u2014Bush, el socio de Calder\u00f3n en la Iniciativa M\u00e9rida, se neg\u00f3 a extenderla\u2014, pero la violencia no se desata en M\u00e9xico hasta finales de 2007, despu\u00e9s de que Calder\u00f3n, como dijo desde entonces L\u00f3pez Obrador, pate\u00f3 el avispero sin pensar en las implicaciones.<\/p>\n<p style=\"text-align: justify;\">\u201cDe no haberlo hecho, el crimen organizado ocupar\u00eda amplios espacios del territorio\u201d: mentira. Hoy controla m\u00e1s ciudades, regiones, rutas y plazas que nunca, seg\u00fan los militares norteamericanos, los expertos mexicanos, la prensa nacional e internacional, y el propio gobierno actual, y la oposici\u00f3n (incluyendo al PAN, partido al que perteneci\u00f3 Calder\u00f3n).<\/p>\n<p style=\"text-align: justify;\">Ni Calder\u00f3n, ni Pe\u00f1a Nieto, ni L\u00f3pez Obrador han logrado reducir la violencia de modo duradero. En cada uno de los sexenios ha tenido lugar un aumento vertiginoso, seguido por un descenso, que se cancela poco despu\u00e9s. \u201cAbrazos, no balazos\u201d no es m\u00e1s que una ocurrencia, o una consigna hueca. En el fondo, la guerra contra el narco no ha cesado; pronto cumplir\u00e1 diecisiete a\u00f1os, con m\u00e1s de 340\u202f000 muertos, m\u00e1s o menos el triple de los decesos que se hubieran producido si la tendencia de los sexenios de Zedillo y Fox se hubiera mantenido.<\/p>\n<p style=\"text-align: justify;\">Lagos de Moreno no es un accidente, o una bestialidad excepcional. Es la conclusi\u00f3n l\u00f3gica de estos diecisiete a\u00f1os de plomo. No hay absolutamente nada que reivindicar de la guerra de Calder\u00f3n, ni siquiera \u201cTodos somos Ju\u00e1rez\u201d, la operaci\u00f3n conjunta de Garc\u00eda Luna y del Gobierno de Estados Unidos que se origin\u00f3 en la salvajada de Salv\u00e1rcar. Nada es nada.<\/p>\n","protected":false},"excerpt":{"rendered":"<p>La barbarie exhibida en el video de Lagos de Moreno obliga a afirmar una barbaridad innegable. L\u00f3pez Obrador tiene raz\u00f3n: la culpa es de Calder\u00f3n. Lo cual no lo exculpa de mostrar una falta de empat\u00eda casi inhumana, ni de burlarse de la tragedia, ni de haber perpetuado la guerra de Calder\u00f3n. Pero todo empieza [&hellip;]<\/p>\n","protected":false},"author":6,"featured_media":37247,"comment_status":"open","ping_status":"open","sticky":false,"template":"","format":"standard","meta":{"_acf_changed":false,"_monsterinsights_skip_tracking":false,"slim_seo":{"title":"\u00bfDe qui\u00e9n son los degollados? - Opini\u00f3n P\u00fablica","description":"La barbarie exhibida en el video de Lagos de Moreno obliga a afirmar una barbaridad innegable. L\u00f3pez Obrador tiene raz\u00f3n: la culpa es de Calder\u00f3n. Lo cual no lo"},"footnotes":""},"categories":[18],"tags":[82],"class_list":["post-37255","post","type-post","status-publish","format-standard","has-post-thumbnail","hentry","category-castaneda-opina","tag-jorge-castaneda"],"acf":[],"_links":{"self":[{"href":"https:\/\/www.opinionpublica.tv\/portada\/wp-json\/wp\/v2\/posts\/37255","targetHints":{"allow":["GET"]}}],"collection":[{"href":"https:\/\/www.opinionpublica.tv\/portada\/wp-json\/wp\/v2\/posts"}],"about":[{"href":"https:\/\/www.opinionpublica.tv\/portada\/wp-json\/wp\/v2\/types\/post"}],"author":[{"embeddable":true,"href":"https:\/\/www.opinionpublica.tv\/portada\/wp-json\/wp\/v2\/users\/6"}],"replies":[{"embeddable":true,"href":"https:\/\/www.opinionpublica.tv\/portada\/wp-json\/wp\/v2\/comments?post=37255"}],"version-history":[{"count":0,"href":"https:\/\/www.opinionpublica.tv\/portada\/wp-json\/wp\/v2\/posts\/37255\/revisions"}],"wp:featuredmedia":[{"embeddable":true,"href":"https:\/\/www.opinionpublica.tv\/portada\/wp-json\/wp\/v2\/media\/37247"}],"wp:attachment":[{"href":"https:\/\/www.opinionpublica.tv\/portada\/wp-json\/wp\/v2\/media?parent=37255"}],"wp:term":[{"taxonomy":"category","embeddable":true,"href":"https:\/\/www.opinionpublica.tv\/portada\/wp-json\/wp\/v2\/categories?post=37255"},{"taxonomy":"post_tag","embeddable":true,"href":"https:\/\/www.opinionpublica.tv\/portada\/wp-json\/wp\/v2\/tags?post=37255"}],"curies":[{"name":"wp","href":"https:\/\/api.w.org\/{rel}","templated":true}]}}