{"id":37250,"date":"2023-08-22T06:00:00","date_gmt":"2023-08-22T04:00:00","guid":{"rendered":"https:\/\/www.opinionpublica.tv\/portada\/2023\/08\/22\/efemerides-22-de-agosto-9\/"},"modified":"2023-08-22T06:00:00","modified_gmt":"2023-08-22T04:00:00","slug":"efemerides-22-de-agosto-9","status":"publish","type":"post","link":"https:\/\/www.opinionpublica.tv\/portada\/efemerides-22-de-agosto-9\/","title":{"rendered":"Efem\u00e9rides 22 de agosto"},"content":{"rendered":"<img fetchpriority=\"high\" decoding=\"async\" class=\" size-full wp-image-37242\" src=\"https:\/\/www.opinionpublica.tv\/portada\/wp-content\/uploads\/2023\/08\/f849efba8e6b73bb7496fe2d801c6030.jpg\" alt=\"\" class=\"caption\" title=\"El transbordador espacial Discovery aterrizando en Cabo Ca\u00f1averal, Florida.\" width=\"273\" height=\"185\" \/>\n<p style=\"text-align: justify;\">Un d\u00eda 22 de agosto como hoy, pero de 2001, aterriza en Cabo Ca\u00f1averal, Florida, EEUU, el transbordador espacial Discovery con tres astronautas a bordo.<\/p>\n<p><!--more--><\/p>\n<p style=\"text-align: justify;\"><strong>Otras efem\u00e9rides<\/strong><\/p>\n<p style=\"text-align: justify;\">1526.- Toribio Alonso de Salazar descubre en el Pac\u00edfico las Islas Carolinas, as\u00ed llamadas en honor de Carlos I de Espa\u00f1a.<\/p>\n<p style=\"text-align: justify;\">1795.- Revoluci\u00f3n Francesa: La Convenci\u00f3n aprueba la Constituci\u00f3n que confiere el poder al Directorio.<\/p>\n<p style=\"text-align: justify;\">1811.- Muere Juan de Villanueva, arquitecto espa\u00f1ol.<\/p>\n<p style=\"text-align: justify;\">1846.- Guerra entre EEUU y M\u00e9xico: los norteamericanos conquistan la ciudad de Santa Fe, capital de Nuevo M\u00e9xico.<\/p>\n<p style=\"text-align: justify;\">1862.- Nace Claude-Achille Debussy, compositor franc\u00e9s.<\/p>\n<p style=\"text-align: justify;\">1864.- Firma del Tratado de la Cruz Roja Internacional o Convenci\u00f3n de Ginebra por 16 pa\u00edses para militares heridos en campa\u00f1a.<\/p>\n<p style=\"text-align: justify;\">1872.- Un incendio destruye la C\u00e1mara de Diputados en M\u00e9xico.<\/p>\n<p style=\"text-align: justify;\">1898.- Nace Alexander Calder, escultor estadounidense.<\/p>\n<p style=\"text-align: justify;\">1902.- Gran ola de calor en la ciudad de Sevilla: temperaturas de 57 grados al sol y 47 a la sombra.<\/p>\n<p style=\"text-align: justify;\">1904.- Nace Deng Xiaoping, dirigente de China.<\/p>\n<p style=\"text-align: justify;\">1910.- Jap\u00f3n anuncia la anexi\u00f3n de Corea en calidad de protectorado.<\/p>\n<p style=\"text-align: justify;\">1920.- Apertura del I Festival de Salzburgo en homenaje a Mozart.<\/p>\n<p style=\"text-align: justify;\">1926.- Un golpe militar en Grecia, dirigido por Georges Kondylis, depone la dictadura de Theodoros Pangalos.<\/p>\n<p style=\"text-align: justify;\">1928.- Nace Karlheinz Stockhausen, compositor alem\u00e1n.<\/p>\n<p style=\"text-align: justify;\">1930.- Pronunciamiento revolucionario de Arequipa (Per\u00fa) dirigido por S\u00e1nchez Ferro, que derrota a Legu\u00eda.<\/p>\n<p style=\"text-align: justify;\">1942.- Brasil declara la guerra a Italia y Alemania.<\/p>\n<p style=\"text-align: justify;\">1951.- Unos 300 mil manifestantes piden en Buenos Aires que el presidente Juan Domingo Per\u00f3n y su esposa acepten ser candidatos a la Presidencia y Vicepresidencia de Argentina.<\/p>\n<p style=\"text-align: justify;\">1961.- Roban de la National Gallery de Londres el retrato del Duque de Wellington, de Goya.<\/p>\n<p style=\"text-align: justify;\">1962.- Fracasa en Par\u00eds, Francia el sexto atentado contra el presidente De Gaulle en la calle Petit-Clarmant.<\/p>\n<p style=\"text-align: justify;\">1978.- Los sandinistas asaltan el Palacio Nacional de Managua.<\/p>\n<p style=\"text-align: justify;\">1978.- Muere Jomo Kenyatta, presidente de Kenia.<\/p>\n<p style=\"text-align: justify;\">1980.- Muere James Mc Donell, pionero de la aviaci\u00f3n estadounidense.<\/p>\n<p style=\"text-align: justify;\">1987.- El escritor peruano Mario Vargas Llosa se enfrenta en un mitin al presidente Al\u00e1n Garc\u00eda.<\/p>\n<p style=\"text-align: justify;\">1991.- El Ej\u00e9rcito sovi\u00e9tico inicia su retirada de las tres rep\u00fablicas b\u00e1lticas ya independizadas: Estonia, Letonia y Lituania.<\/p>\n<p style=\"text-align: justify;\">1986.- Mueren 1,700 habitantes de Camer\u00fan por emanaciones t\u00f3xicas del Lago Nyos, situado sobre un cr\u00e1ter volc\u00e1nico.<\/p>\n<p style=\"text-align: justify;\">1998.- El Ej\u00e9rcito Nacional de Liberaci\u00f3n Irland\u00e9s (INLA) declara el alto el fuego tras 23 a\u00f1os de violencia en el Ulster.<\/p>\n<p style=\"text-align: justify;\">1998.- Muere Elena Garro, escritora mexicana.<\/p>\n<p style=\"text-align: justify;\">2003.- Muere Magdalena Nile del R\u00edo, \u00abImperio Argentina\u00bb,cantante argentina nacionalizada espa\u00f1ola.<\/p>\n<p style=\"text-align: justify;\">2004.- Robo en Oslo (Noruega) de los dos cuadros m\u00e1s famosos de Edvard Munch: \u00abEl grito\u00bb y \u00abLa Madonna\u00bb.<\/p>\n<p style=\"text-align: justify;\">2006.- Fallecen los 169 pasajeros de un avi\u00f3n ruso Tu-154 estrellado en Ucrania durante un aterrizaje de emergencia al ser alcanzados por un rayo.<\/p>\n<p style=\"text-align: justify;\">2009.- Muere la escritora chilena Matilde Ladr\u00f3n de Guevara.<\/p>\n<p style=\"text-align: justify;\">2012.- Rusia entra a formar parte de la OMC.<\/p>\n","protected":false},"excerpt":{"rendered":"<p>Un d\u00eda 22 de agosto como hoy, pero de 2001, aterriza en Cabo Ca\u00f1averal, Florida, EEUU, el transbordador espacial Discovery con tres astronautas a bordo.<\/p>\n","protected":false},"author":6,"featured_media":37242,"comment_status":"open","ping_status":"open","sticky":false,"template":"","format":"standard","meta":{"_acf_changed":false,"_monsterinsights_skip_tracking":false,"slim_seo":{"title":"Efem\u00e9rides 22 de agosto - Opini\u00f3n P\u00fablica","description":"Un d\u00eda 22 de agosto como hoy, pero de 2001, aterriza en Cabo Ca\u00f1averal, Florida, EEUU, el transbordador espacial Discovery con tres astronautas a bordo. Otras e"},"footnotes":""},"categories":[27],"tags":[],"class_list":["post-37250","post","type-post","status-publish","format-standard","has-post-thumbnail","hentry","category-un-dia-como-hoy"],"acf":[],"_links":{"self":[{"href":"https:\/\/www.opinionpublica.tv\/portada\/wp-json\/wp\/v2\/posts\/37250","targetHints":{"allow":["GET"]}}],"collection":[{"href":"https:\/\/www.opinionpublica.tv\/portada\/wp-json\/wp\/v2\/posts"}],"about":[{"href":"https:\/\/www.opinionpublica.tv\/portada\/wp-json\/wp\/v2\/types\/post"}],"author":[{"embeddable":true,"href":"https:\/\/www.opinionpublica.tv\/portada\/wp-json\/wp\/v2\/users\/6"}],"replies":[{"embeddable":true,"href":"https:\/\/www.opinionpublica.tv\/portada\/wp-json\/wp\/v2\/comments?post=37250"}],"version-history":[{"count":0,"href":"https:\/\/www.opinionpublica.tv\/portada\/wp-json\/wp\/v2\/posts\/37250\/revisions"}],"wp:featuredmedia":[{"embeddable":true,"href":"https:\/\/www.opinionpublica.tv\/portada\/wp-json\/wp\/v2\/media\/37242"}],"wp:attachment":[{"href":"https:\/\/www.opinionpublica.tv\/portada\/wp-json\/wp\/v2\/media?parent=37250"}],"wp:term":[{"taxonomy":"category","embeddable":true,"href":"https:\/\/www.opinionpublica.tv\/portada\/wp-json\/wp\/v2\/categories?post=37250"},{"taxonomy":"post_tag","embeddable":true,"href":"https:\/\/www.opinionpublica.tv\/portada\/wp-json\/wp\/v2\/tags?post=37250"}],"curies":[{"name":"wp","href":"https:\/\/api.w.org\/{rel}","templated":true}]}}