{"id":37235,"date":"2023-08-22T06:00:00","date_gmt":"2023-08-22T04:00:00","guid":{"rendered":"https:\/\/www.opinionpublica.tv\/portada\/2023\/08\/22\/pronostican-40-de-lluvia-para-la-tarde-y-noche-de-este-martes\/"},"modified":"2023-08-22T06:00:00","modified_gmt":"2023-08-22T04:00:00","slug":"pronostican-40-de-lluvia-para-la-tarde-y-noche-de-este-martes","status":"publish","type":"post","link":"https:\/\/www.opinionpublica.tv\/portada\/pronostican-40-de-lluvia-para-la-tarde-y-noche-de-este-martes\/","title":{"rendered":"Pronostican 40% de lluvia para la tarde y noche de este martes"},"content":{"rendered":"<p><img fetchpriority=\"high\" decoding=\"async\" class=\" size-full wp-image-37234\" src=\"https:\/\/www.opinionpublica.tv\/portada\/wp-content\/uploads\/2023\/08\/6f5e36dd5168f05952b0f28f2e119ca2.jpg\" alt=\"\" class=\"caption\" title=\"Para este martes se espera una temperatura m\u00e1xima de 35 \u00b0C y m\u00ednima de 23 \u00b0C.\" width=\"275\" height=\"183\" \/><br \/>\n<!--more--><\/p>\n<p style=\"text-align: justify;\"><em>Ciudad Ju\u00e1rez, Chih<\/em>.- La Direcci\u00f3n General de Protecci\u00f3n Civil, con base en informes del Servicio Meteorol\u00f3gico Nacional, pronostica un 40 por ciento de probabilidad de lluvia para la tarde de este martes, adem\u00e1s se esperan fuertes r\u00e1fagas de viento de hasta 40 kil\u00f3metros por hora, inform\u00f3 Roberto Briones Mota, titular de la dependencia.<\/p>\n<p style=\"text-align: justify;\">Mencion\u00f3 que para\u00a0este martes se espera una temperatura m\u00e1xima de 35 \u00b0C y m\u00ednima de 23 \u00b0C, la velocidad del viento se pronostica entre 5 y 27 kil\u00f3metros por hora.<\/p>\n<p style=\"text-align: justify;\">Para ma\u00f1ana mi\u00e9rcoles se pronostican fuertes r\u00e1fagas de viento que alcanzar\u00e1n los 35 kil\u00f3metros por hora, existe una probabilidad de lluvia de un 40 por ciento, la temperatura m\u00e1xima ser\u00e1 de 28 \u00b0C y m\u00ednima de 23 \u00b0C, la velocidad del viento oscilar\u00e1 entre 5 y 25 kil\u00f3metros por hora.<\/p>\n<p style=\"text-align: justify;\">El jueves las r\u00e1fagas de viento alcanzar\u00e1n los 32 kil\u00f3metros por hora, existe una probabilidad de lluvia de un 20 por ciento, se pronostica una temperatura m\u00e1xima de 32 \u00b0C y m\u00ednima de 23 \u00b0C, la velocidad del viento oscilar\u00e1 entre 5 y 25 kil\u00f3metros por hora.<\/p>\n<p style=\"text-align: justify;\">El Servicio Meteorol\u00f3gico Nacional informa que el Cicl\u00f3n Tropical Nueve se desplazar\u00e1 sobre el sureste y sur de Texas, Estados Unidos de Am\u00e9rica, muy pr\u00f3ximo a la frontera de Tamaulipas, ocasionar\u00e1 lluvias puntuales torrenciales en el noreste de Coahuila, lluvias intensas en el norte de Nuevo Le\u00f3n y el noroeste de Tamaulipas, as\u00ed como lluvias muy fuertes en Chihuahua.<\/p>\n<p style=\"text-align: justify;\">Adem\u00e1s, el monz\u00f3n mexicano en combinaci\u00f3n con divergencia en altura, originar\u00e1n probabilidad de lluvias fuertes a muy fuertes, descargas el\u00e9ctricas, rachas de viento y posible ca\u00edda de granizo en el noroeste del pa\u00eds.<\/p>\n","protected":false},"excerpt":{"rendered":"","protected":false},"author":6,"featured_media":37234,"comment_status":"open","ping_status":"open","sticky":false,"template":"","format":"standard","meta":{"_acf_changed":false,"_monsterinsights_skip_tracking":false,"slim_seo":{"title":"Pronostican 40% de lluvia para la tarde y noche de este martes - Opini\u00f3n P\u00fablica","description":"Ciudad Ju\u00e1rez, Chih .- La Direcci\u00f3n General de Protecci\u00f3n Civil, con base en informes del Servicio Meteorol\u00f3gico Nacional, pronostica un 40 por ciento de probab"},"footnotes":""},"categories":[41],"tags":[],"class_list":["post-37235","post","type-post","status-publish","format-standard","has-post-thumbnail","hentry","category-juarez"],"acf":[],"_links":{"self":[{"href":"https:\/\/www.opinionpublica.tv\/portada\/wp-json\/wp\/v2\/posts\/37235","targetHints":{"allow":["GET"]}}],"collection":[{"href":"https:\/\/www.opinionpublica.tv\/portada\/wp-json\/wp\/v2\/posts"}],"about":[{"href":"https:\/\/www.opinionpublica.tv\/portada\/wp-json\/wp\/v2\/types\/post"}],"author":[{"embeddable":true,"href":"https:\/\/www.opinionpublica.tv\/portada\/wp-json\/wp\/v2\/users\/6"}],"replies":[{"embeddable":true,"href":"https:\/\/www.opinionpublica.tv\/portada\/wp-json\/wp\/v2\/comments?post=37235"}],"version-history":[{"count":0,"href":"https:\/\/www.opinionpublica.tv\/portada\/wp-json\/wp\/v2\/posts\/37235\/revisions"}],"wp:featuredmedia":[{"embeddable":true,"href":"https:\/\/www.opinionpublica.tv\/portada\/wp-json\/wp\/v2\/media\/37234"}],"wp:attachment":[{"href":"https:\/\/www.opinionpublica.tv\/portada\/wp-json\/wp\/v2\/media?parent=37235"}],"wp:term":[{"taxonomy":"category","embeddable":true,"href":"https:\/\/www.opinionpublica.tv\/portada\/wp-json\/wp\/v2\/categories?post=37235"},{"taxonomy":"post_tag","embeddable":true,"href":"https:\/\/www.opinionpublica.tv\/portada\/wp-json\/wp\/v2\/tags?post=37235"}],"curies":[{"name":"wp","href":"https:\/\/api.w.org\/{rel}","templated":true}]}}