{"id":37146,"date":"2023-08-22T06:00:00","date_gmt":"2023-08-22T04:00:00","guid":{"rendered":"https:\/\/www.opinionpublica.tv\/portada\/2023\/08\/22\/los-desafios-de-morena-y-la-oposicion-2\/"},"modified":"2023-08-22T06:00:00","modified_gmt":"2023-08-22T04:00:00","slug":"los-desafios-de-morena-y-la-oposicion-2","status":"publish","type":"post","link":"https:\/\/www.opinionpublica.tv\/portada\/los-desafios-de-morena-y-la-oposicion-2\/","title":{"rendered":"Los desaf\u00edos de Morena y la oposici\u00f3n"},"content":{"rendered":"<img decoding=\"async\" class=\" size-full wp-image-37144\" src=\"https:\/\/www.opinionpublica.tv\/portada\/wp-content\/uploads\/2023\/08\/20e82f329d123692e6938305637595a1.jpg\" alt=\"\" class=\"caption\" title=\"Luis Carlos Ugalde, ex presidente del entonces Instituto Federal Electoral.\" width=\"270\" height=\"152\" \/>\n<p style=\"text-align: justify;\">La oposici\u00f3n enfrenta tres desaf\u00edos: I) concluir su proceso interno para elegir su candidatura a la presidencia de una forma ordenada, transparente y legal; II) lograr que la candidatura elegida, probablemente X\u00f3chitl G\u00e1lvez, sea arropada e interiorizada por los partidos pol\u00edticos; y III) que este mecanismo exitoso que se est\u00e1 llevando a cabo, el Frente Amplio por M\u00e9xico a nivel nacional, sea replicable para elegir candidaturas de gobernador y representantes al Congreso de la Uni\u00f3n.<\/p>\n<p><!--more--><\/p>\n<p style=\"text-align: justify;\">Que termine bien el proceso de la oposici\u00f3n implica que se respeten las reglas, que se transparenten los resultados de cada fase y que la noche del 3 de septiembre \u2014el d\u00eda de la elecci\u00f3n primaria\u2014 las personas perdedoras alcen la mano de la ganadora y se sumen a su causa, sea quien sea.<\/p>\n<p style=\"text-align: justify;\">No es un ejercicio f\u00e1cil. Apenas la semana pasada tres personas inscritas en el proceso se quejaron. Uno, Jorge Luis Preciado, denunci\u00f3 una conspiraci\u00f3n e incluso renunci\u00f3 a su militancia al PAN (por cierto, un candidato sin mensaje y sin atractivo). Dos contendientes del PRD, Silvano Aureoles y Miguel \u00c1ngel Mancera, cuestionaron el proceso tras no alcanzar el n\u00famero de firmas para seguir en la contienda.<\/p>\n<p style=\"text-align: justify;\">Por su parte Morena enfrenta tres desaf\u00edos: I) que su proceso interno fortalezca a la persona que resulte candidata, seguramente ella; II) que los \u2018perdedores\u2019 se sumen sinceramente a la ganadora; y III) que la persona candidata pueda construir una personalidad propia m\u00e1s all\u00e1 del libreto obradorista.<\/p>\n<p style=\"text-align: justify;\">Es dif\u00edcil que el proceso interno del oficialismo detone entusiasmo porque est\u00e1 hecho para legitimar una preselecci\u00f3n hecha por L\u00f3pez Obrador, no para alentar a las bases del obradorismo para que escojan a su nuevo liderazgo. Por eso, salvo Marcelo Ebrard, el resto replican esquemas tradicionales de m\u00edtines sin que haya un mensaje novedoso.<\/p>\n<p style=\"text-align: justify;\">Los contendientes tienen dos objetivos: convencer a L\u00f3pez Obrador y ganar una encuesta, no detonar entusiasmo popular.<\/p>\n<p style=\"text-align: justify;\">No obstante, la persona candidata del oficialismo nacer\u00e1 con el aura que le dar\u00e1 la figura presidencial y tendr\u00e1 a su disposici\u00f3n una estructura clientelar y territorial muy potente de Morena. Nacer\u00e1 con al menos 30 puntos de intenci\u00f3n del voto.<\/p>\n<p style=\"text-align: justify;\">Sin embargo, para ganar, deber\u00e1 construir una imagen propia que le d\u00e9 personalidad y atractivo entre nuevos votantes (algo muy dif\u00edcil por el protagonismo del presidente quien actuar\u00e1, en los hechos, como el vocero de la campa\u00f1a).<\/p>\n<p style=\"text-align: justify;\">Mientras en Morena la persona candidata contar\u00e1 de forma autom\u00e1tica con el apoyo de la estructura del partido y de sus gobernadores, la de oposici\u00f3n, sobre todo si es G\u00e1lvez, deber\u00e1 negociar con los partidos del Frente para contar con su apoyo: una cosa es levantarle la mano el 3 de septiembre y otra que los partidos le den los recursos financieros y humanos para que sea competitiva.<\/p>\n<p style=\"text-align: justify;\">Al iniciar septiembre, no solo da comienzo el proceso electoral, sino que inicia un nuevo juego. La figura de L\u00f3pez Obrador empezar\u00e1, de forma gradual, a apagarse mientras que la candidatura opositora crecer\u00e1 en las encuestas y es probable que cerrar\u00e1 brecha para ubicarse a un d\u00edgito de diferencia de la candidata oficial en los siguientes meses.<\/p>\n<p style=\"text-align: justify;\">La elecci\u00f3n se tornar\u00e1 competitiva en el primer trimestre de 2024.<\/p>\n<p style=\"text-align: justify;\">Sigue siendo m\u00e1s probable que Morena retenga la presidencia de la Rep\u00fablica, pero lejos estamos de que se repita el tsunami de 2018.<\/p>\n<p style=\"text-align: justify;\">\u00a0<\/p>\n","protected":false},"excerpt":{"rendered":"<p>La oposici\u00f3n enfrenta tres desaf\u00edos: I) concluir su proceso interno para elegir su candidatura a la presidencia de una forma ordenada, transparente y legal; II) lograr que la candidatura elegida, probablemente X\u00f3chitl G\u00e1lvez, sea arropada e interiorizada por los partidos pol\u00edticos; y III) que este mecanismo exitoso que se est\u00e1 llevando a cabo, el Frente [&hellip;]<\/p>\n","protected":false},"author":6,"featured_media":37144,"comment_status":"open","ping_status":"open","sticky":false,"template":"","format":"standard","meta":{"_acf_changed":false,"_monsterinsights_skip_tracking":false,"slim_seo":{"title":"Los desaf\u00edos de Morena y la oposici\u00f3n - Opini\u00f3n P\u00fablica","description":"La oposici\u00f3n enfrenta tres desaf\u00edos: I) concluir su proceso interno para elegir su candidatura a la presidencia de una forma ordenada, transparente y legal; II)"},"footnotes":""},"categories":[23],"tags":[843],"class_list":["post-37146","post","type-post","status-publish","format-standard","has-post-thumbnail","hentry","category-democracia-eficaz","tag-luis-carlos-ugalde"],"acf":[],"_links":{"self":[{"href":"https:\/\/www.opinionpublica.tv\/portada\/wp-json\/wp\/v2\/posts\/37146","targetHints":{"allow":["GET"]}}],"collection":[{"href":"https:\/\/www.opinionpublica.tv\/portada\/wp-json\/wp\/v2\/posts"}],"about":[{"href":"https:\/\/www.opinionpublica.tv\/portada\/wp-json\/wp\/v2\/types\/post"}],"author":[{"embeddable":true,"href":"https:\/\/www.opinionpublica.tv\/portada\/wp-json\/wp\/v2\/users\/6"}],"replies":[{"embeddable":true,"href":"https:\/\/www.opinionpublica.tv\/portada\/wp-json\/wp\/v2\/comments?post=37146"}],"version-history":[{"count":0,"href":"https:\/\/www.opinionpublica.tv\/portada\/wp-json\/wp\/v2\/posts\/37146\/revisions"}],"wp:featuredmedia":[{"embeddable":true,"href":"https:\/\/www.opinionpublica.tv\/portada\/wp-json\/wp\/v2\/media\/37144"}],"wp:attachment":[{"href":"https:\/\/www.opinionpublica.tv\/portada\/wp-json\/wp\/v2\/media?parent=37146"}],"wp:term":[{"taxonomy":"category","embeddable":true,"href":"https:\/\/www.opinionpublica.tv\/portada\/wp-json\/wp\/v2\/categories?post=37146"},{"taxonomy":"post_tag","embeddable":true,"href":"https:\/\/www.opinionpublica.tv\/portada\/wp-json\/wp\/v2\/tags?post=37146"}],"curies":[{"name":"wp","href":"https:\/\/api.w.org\/{rel}","templated":true}]}}