{"id":36730,"date":"2023-08-03T06:00:00","date_gmt":"2023-08-03T04:00:00","guid":{"rendered":"https:\/\/www.opinionpublica.tv\/portada\/2023\/08\/03\/instagram-tendra-sistema-para-etiquetar-contenido-creado-con-ia\/"},"modified":"2023-08-03T06:00:00","modified_gmt":"2023-08-03T04:00:00","slug":"instagram-tendra-sistema-para-etiquetar-contenido-creado-con-ia","status":"publish","type":"post","link":"https:\/\/www.opinionpublica.tv\/portada\/instagram-tendra-sistema-para-etiquetar-contenido-creado-con-ia\/","title":{"rendered":"Instagram tendr\u00e1 sistema para etiquetar contenido creado a base de IA"},"content":{"rendered":"<p><img fetchpriority=\"high\" decoding=\"async\" class=\" size-full wp-image-36729\" src=\"https:\/\/www.opinionpublica.tv\/portada\/wp-content\/uploads\/2023\/08\/d048282d28b937a6978a4f596029b74f.jpg\" alt=\"\" class=\"caption\" title=\"Instagram busca introducir esta tecnolog\u00eda tanto en nuevos formatos conversacionales.\" width=\"800\" height=\"600\" srcset=\"https:\/\/www.opinionpublica.tv\/portada\/wp-content\/uploads\/2023\/08\/d048282d28b937a6978a4f596029b74f.jpg 800w, https:\/\/www.opinionpublica.tv\/portada\/wp-content\/uploads\/2023\/08\/d048282d28b937a6978a4f596029b74f-300x225.jpg 300w, https:\/\/www.opinionpublica.tv\/portada\/wp-content\/uploads\/2023\/08\/d048282d28b937a6978a4f596029b74f-768x576.jpg 768w\" sizes=\"(max-width: 800px) 100vw, 800px\" \/><br \/>\n<!--more--><\/p>\n<p style=\"text-align: justify;\">Instagram est\u00e1 preparando una nueva funcionalidad que permitir\u00e1 a la aplicaci\u00f3n identificar los contenidos que se hayan creado con inteligencia artificial (IA) generativa gracias a nuevas etiquetas que los distinguir\u00e1n de los dem\u00e1s archivos de la plataforma.<\/p>\n<p style=\"text-align: justify;\">La red social, propiedad de Meta, busca introducir esta tecnolog\u00eda tanto en nuevos formatos conversacionales como en sus &#8216;stickers&#8217;, que los usuarios pueden crear para reflejar su estado de \u00e1nimo, mientras que otros los pueden reutilizar en sus mensajes directos (DM).<\/p>\n<p style=\"text-align: justify;\">A principios de junio, el experto en ingenier\u00eda inversa Alessandro Paluzzi adelant\u00f3 que la compa\u00f1\u00eda estaba trabajando en un &#8216;chatbot&#8217; capaz de responder a preguntas y dar consejos a los usuarios desde 30 perfiles diferentes.<\/p>\n<p style=\"text-align: justify;\">Ahora, Paluzzi ha encontrado nuevas evidencias del trabajo de la red social en torno a la IA generativa, con una nueva interfaz en la que se indica que o bien el creador de una publicaci\u00f3n o bien la propia Meta habr\u00eda identificado un determinado contenido como creado o editado por esta tecnolog\u00eda.<\/p>\n<p style=\"text-align: justify;\">En esta interfaz se explica qu\u00e9 es la IA generativa -las herramientas que utiliza la gente para crear texto, im\u00e1genes o video mediante descripciones sencillas- y c\u00f3mo saber cu\u00e1ndo un &#8216;post&#8217; hace uso de la IA.<\/p>\n<p style=\"text-align: justify;\">Conviene subrayar que esta medida va en l\u00ednea con la serie de \u00abcompromisos voluntarios\u00bb que acordaron Meta y otras seis grandes tecnol\u00f3gicas estadounidenses -como Microsoft y OpenAI- con Estados Unidos para garantizar una gesti\u00f3n transparente de la IA.<\/p>\n","protected":false},"excerpt":{"rendered":"","protected":false},"author":6,"featured_media":36729,"comment_status":"open","ping_status":"open","sticky":false,"template":"","format":"standard","meta":{"_acf_changed":false,"_monsterinsights_skip_tracking":false,"slim_seo":{"title":"Instagram tendr\u00e1 sistema para etiquetar contenido creado a base de IA - Opini\u00f3n P\u00fablica","description":"Instagram est\u00e1 preparando una nueva funcionalidad que permitir\u00e1 a la aplicaci\u00f3n identificar los contenidos que se hayan creado con inteligencia artificial (IA)"},"footnotes":""},"categories":[22],"tags":[],"class_list":["post-36730","post","type-post","status-publish","format-standard","has-post-thumbnail","hentry","category-ciencia-y-tecnologia"],"acf":[],"_links":{"self":[{"href":"https:\/\/www.opinionpublica.tv\/portada\/wp-json\/wp\/v2\/posts\/36730","targetHints":{"allow":["GET"]}}],"collection":[{"href":"https:\/\/www.opinionpublica.tv\/portada\/wp-json\/wp\/v2\/posts"}],"about":[{"href":"https:\/\/www.opinionpublica.tv\/portada\/wp-json\/wp\/v2\/types\/post"}],"author":[{"embeddable":true,"href":"https:\/\/www.opinionpublica.tv\/portada\/wp-json\/wp\/v2\/users\/6"}],"replies":[{"embeddable":true,"href":"https:\/\/www.opinionpublica.tv\/portada\/wp-json\/wp\/v2\/comments?post=36730"}],"version-history":[{"count":0,"href":"https:\/\/www.opinionpublica.tv\/portada\/wp-json\/wp\/v2\/posts\/36730\/revisions"}],"wp:featuredmedia":[{"embeddable":true,"href":"https:\/\/www.opinionpublica.tv\/portada\/wp-json\/wp\/v2\/media\/36729"}],"wp:attachment":[{"href":"https:\/\/www.opinionpublica.tv\/portada\/wp-json\/wp\/v2\/media?parent=36730"}],"wp:term":[{"taxonomy":"category","embeddable":true,"href":"https:\/\/www.opinionpublica.tv\/portada\/wp-json\/wp\/v2\/categories?post=36730"},{"taxonomy":"post_tag","embeddable":true,"href":"https:\/\/www.opinionpublica.tv\/portada\/wp-json\/wp\/v2\/tags?post=36730"}],"curies":[{"name":"wp","href":"https:\/\/api.w.org\/{rel}","templated":true}]}}