{"id":36726,"date":"2023-08-03T06:00:00","date_gmt":"2023-08-03T04:00:00","guid":{"rendered":"https:\/\/www.opinionpublica.tv\/portada\/2023\/08\/03\/de-siete-a-10-mujeres-son-asesinadas-a-diario-en-mexico-suman-426-feminicidios-en-2023\/"},"modified":"2023-08-03T06:00:00","modified_gmt":"2023-08-03T04:00:00","slug":"de-siete-a-10-mujeres-son-asesinadas-a-diario-en-mexico-suman-426-feminicidios-en-2023","status":"publish","type":"post","link":"https:\/\/www.opinionpublica.tv\/portada\/de-siete-a-10-mujeres-son-asesinadas-a-diario-en-mexico-suman-426-feminicidios-en-2023\/","title":{"rendered":"De siete a 10 mujeres son asesinadas a diario en M\u00e9xico; suman 426 en 2023"},"content":{"rendered":"<p><img fetchpriority=\"high\" decoding=\"async\" class=\" size-full wp-image-36725\" src=\"https:\/\/www.opinionpublica.tv\/portada\/wp-content\/uploads\/2023\/08\/486a05c7f99141f95b5a8d0c7cd63231.jpg\" alt=\"\" class=\"caption\" title=\"Diversas ONG's indicaron que de 7 a 10 mujeres son asesinadas a diario en el pa\u00eds.\" width=\"800\" height=\"600\" srcset=\"https:\/\/www.opinionpublica.tv\/portada\/wp-content\/uploads\/2023\/08\/486a05c7f99141f95b5a8d0c7cd63231.jpg 800w, https:\/\/www.opinionpublica.tv\/portada\/wp-content\/uploads\/2023\/08\/486a05c7f99141f95b5a8d0c7cd63231-300x225.jpg 300w, https:\/\/www.opinionpublica.tv\/portada\/wp-content\/uploads\/2023\/08\/486a05c7f99141f95b5a8d0c7cd63231-768x576.jpg 768w\" sizes=\"(max-width: 800px) 100vw, 800px\" \/><br \/>\n<!--more--><\/p>\n<p style=\"text-align: justify;\">Cifras presentadas en el \u201cForo Nacional sobre Feminicidio\u201d, por la senadora independiente Nuvia Mayorga, se\u00f1alan que de enero a junio de 2023 se han contabilizado 426 presuntos delitos de feminicidio, y desde principios de 2015 a mediados de este a\u00f1o, se reportaron 6 mil 900 casos.<\/p>\n<p style=\"text-align: justify;\">Mientras tanto, organizaciones no gubernamentales indicaron que de 7 a 10 mujeres son asesinadas a diario en el pa\u00eds.<\/p>\n<p style=\"text-align: justify;\">En ese sentido, Lilia Abed, directora adjunta del Mexico Institute del Wilson Center, expuso que dicha instituci\u00f3n recomienda a los legisladores homologar la definici\u00f3n de feminicidio en todas las entidades, para que las fiscal\u00edas locales traten as\u00ed estos casos y no como homicidios dolosos.<\/p>\n<p style=\"text-align: justify;\">Ejemplific\u00f3 que en septiembre de 2022 se registraron 248 asesinatos de mujeres que estuvieron tipificados bajo esa figura jur\u00eddica, pero s\u00f3lo 78 como feminicidios.<\/p>\n<p style=\"text-align: justify;\">Por otra parte, el presidente del Senado, Alejandro Armenta, dijo que en la pr\u00e1ctica legislativa para proteger a las mujeres, \u201cno hay partidos\u201d, es decir, que los diferentes pensamientos pol\u00edticos han coincidido en defender sus derechos, y en combatir y erradicar la violencia de la que son v\u00edctimas.<\/p>\n<p style=\"text-align: justify;\">Sostuvo que gracias a ese esfuerzo, tanto en la C\u00e1mara de Diputados como en el Senado de la Rep\u00fablica se han logrado avances para castigar el feminicidio y la violencia contra las mujeres.<\/p>\n<p style=\"text-align: justify;\">Por ejemplo, se reformaron las leyes para proteger a las v\u00edctimas, para penalizar la violencia f\u00edsica, como el uso de \u00e1cidos para agredir, para que menores de edad puedan denunciar a sus agresores, y para eliminar los matrimonios infantiles en regiones donde tales actividades se excusaban bajo el argumento de los usos y costumbres.<\/p>\n<p style=\"text-align: justify;\">La presidenta de la Comisi\u00f3n Especial Encargada de dar Seguimiento a los casos de Feminicidio de Ni\u00f1as y Adolescentes, Marybel Villegas Canch\u00e9, calific\u00f3 a los feminicidios como uno de los problemas m\u00e1s grandes que enfrenta la sociedad, pues ha marcado la vida de un gran n\u00famero de mujeres.<\/p>\n<p style=\"text-align: justify;\">\u201cNo podemos permitir que la violencia siga cobrando vidas y desgarrando el tejido social\u201d, advirti\u00f3 la legisladora de Morena.<\/p>\n<p style=\"text-align: justify;\">El objetivo de unir el esfuerzo de legisladores, acad\u00e9micos y sociedad civil, agreg\u00f3, es buscar soluciones para prevenir y sancionar la violencia contra las mujeres, y trazar una ruta hacia una sociedad que promueva la cultura del respeto e igualdad en todos los \u00e1mbitos de la vida. (Exc\u00e9lsior)<\/p>\n","protected":false},"excerpt":{"rendered":"","protected":false},"author":6,"featured_media":36725,"comment_status":"open","ping_status":"open","sticky":false,"template":"","format":"standard","meta":{"_acf_changed":false,"_monsterinsights_skip_tracking":false,"slim_seo":{"title":"De siete a 10 mujeres son asesinadas a diario en M\u00e9xico; suman 426 en 2023 - Opini\u00f3n P\u00fablica","description":"Cifras presentadas en el \u201cForo Nacional sobre Feminicidio\u201d, por la senadora independiente Nuvia Mayorga, se\u00f1alan que de enero a junio de 2023 se han contabiliza"},"footnotes":""},"categories":[11],"tags":[],"class_list":["post-36726","post","type-post","status-publish","format-standard","has-post-thumbnail","hentry","category-tendencias"],"acf":[],"_links":{"self":[{"href":"https:\/\/www.opinionpublica.tv\/portada\/wp-json\/wp\/v2\/posts\/36726","targetHints":{"allow":["GET"]}}],"collection":[{"href":"https:\/\/www.opinionpublica.tv\/portada\/wp-json\/wp\/v2\/posts"}],"about":[{"href":"https:\/\/www.opinionpublica.tv\/portada\/wp-json\/wp\/v2\/types\/post"}],"author":[{"embeddable":true,"href":"https:\/\/www.opinionpublica.tv\/portada\/wp-json\/wp\/v2\/users\/6"}],"replies":[{"embeddable":true,"href":"https:\/\/www.opinionpublica.tv\/portada\/wp-json\/wp\/v2\/comments?post=36726"}],"version-history":[{"count":0,"href":"https:\/\/www.opinionpublica.tv\/portada\/wp-json\/wp\/v2\/posts\/36726\/revisions"}],"wp:featuredmedia":[{"embeddable":true,"href":"https:\/\/www.opinionpublica.tv\/portada\/wp-json\/wp\/v2\/media\/36725"}],"wp:attachment":[{"href":"https:\/\/www.opinionpublica.tv\/portada\/wp-json\/wp\/v2\/media?parent=36726"}],"wp:term":[{"taxonomy":"category","embeddable":true,"href":"https:\/\/www.opinionpublica.tv\/portada\/wp-json\/wp\/v2\/categories?post=36726"},{"taxonomy":"post_tag","embeddable":true,"href":"https:\/\/www.opinionpublica.tv\/portada\/wp-json\/wp\/v2\/tags?post=36726"}],"curies":[{"name":"wp","href":"https:\/\/api.w.org\/{rel}","templated":true}]}}