{"id":36724,"date":"2023-08-03T06:00:00","date_gmt":"2023-08-03T04:00:00","guid":{"rendered":"https:\/\/www.opinionpublica.tv\/portada\/2023\/08\/03\/video-papa-francisco-recibe-a-jovenes-de-latinoamerica-en-lisboa\/"},"modified":"2023-08-03T06:00:00","modified_gmt":"2023-08-03T04:00:00","slug":"video-papa-francisco-recibe-a-jovenes-de-latinoamerica-en-lisboa","status":"publish","type":"post","link":"https:\/\/www.opinionpublica.tv\/portada\/video-papa-francisco-recibe-a-jovenes-de-latinoamerica-en-lisboa\/","title":{"rendered":"Video: Papa Francisco recibe a j\u00f3venes de Latinoam\u00e9rica en Lisboa"},"content":{"rendered":"<p><img fetchpriority=\"high\" decoding=\"async\" class=\" size-full wp-image-36723\" src=\"https:\/\/www.opinionpublica.tv\/portada\/wp-content\/uploads\/2023\/08\/7b76e79dd6c8d6b9ca70eebf12fc789e.jpg\" alt=\"\" width=\"539\" height=\"304\" srcset=\"https:\/\/www.opinionpublica.tv\/portada\/wp-content\/uploads\/2023\/08\/7b76e79dd6c8d6b9ca70eebf12fc789e.jpg 539w, https:\/\/www.opinionpublica.tv\/portada\/wp-content\/uploads\/2023\/08\/7b76e79dd6c8d6b9ca70eebf12fc789e-300x169.jpg 300w\" sizes=\"(max-width: 539px) 100vw, 539px\" \/><br \/>\n<!--more--><\/p>\n<p style=\"text-align: justify;\"><em>Lisboa, Portugal<\/em>.- La comunidad de Lisboa en Portugal recibi\u00f3 este mi\u00e9rcoles al Papa Francisco, quien se reuni\u00f3 con las autoridades y rez\u00f3 junto con los obispos y sacerdotes en la JMJ. Tambi\u00e9n los peregrinos de Latinoam\u00e9rica y El Caribe se reunieron para compartir su fe y compartir la experiencia de la vida cristiana.<\/p>\n<div class=\"k2_video\"><iframe title=\"#Vblog #JMJ #VaticanNews Encuentro de j\u00f3venes de Latinoam\u00e9rica\" width=\"800\" height=\"450\" src=\"https:\/\/www.youtube.com\/embed\/Ier4mvvIWD0?feature=oembed\" frameborder=\"0\" allow=\"accelerometer; autoplay; clipboard-write; encrypted-media; gyroscope; picture-in-picture; web-share\" referrerpolicy=\"strict-origin-when-cross-origin\" allowfullscreen><\/iframe>\n<\/div>\n","protected":false},"excerpt":{"rendered":"","protected":false},"author":6,"featured_media":36723,"comment_status":"open","ping_status":"open","sticky":false,"template":"","format":"standard","meta":{"_acf_changed":false,"_monsterinsights_skip_tracking":false,"slim_seo":{"title":"Video: Papa Francisco recibe a j\u00f3venes de Latinoam\u00e9rica en Lisboa - Opini\u00f3n P\u00fablica","description":"Lisboa, Portugal .- La comunidad de Lisboa en Portugal recibi\u00f3 este mi\u00e9rcoles al Papa Francisco, quien se reuni\u00f3 con las autoridades y rez\u00f3 junto con los obispo"},"footnotes":""},"categories":[8],"tags":[],"class_list":["post-36724","post","type-post","status-publish","format-standard","has-post-thumbnail","hentry","category-videos"],"acf":[],"_links":{"self":[{"href":"https:\/\/www.opinionpublica.tv\/portada\/wp-json\/wp\/v2\/posts\/36724","targetHints":{"allow":["GET"]}}],"collection":[{"href":"https:\/\/www.opinionpublica.tv\/portada\/wp-json\/wp\/v2\/posts"}],"about":[{"href":"https:\/\/www.opinionpublica.tv\/portada\/wp-json\/wp\/v2\/types\/post"}],"author":[{"embeddable":true,"href":"https:\/\/www.opinionpublica.tv\/portada\/wp-json\/wp\/v2\/users\/6"}],"replies":[{"embeddable":true,"href":"https:\/\/www.opinionpublica.tv\/portada\/wp-json\/wp\/v2\/comments?post=36724"}],"version-history":[{"count":0,"href":"https:\/\/www.opinionpublica.tv\/portada\/wp-json\/wp\/v2\/posts\/36724\/revisions"}],"wp:featuredmedia":[{"embeddable":true,"href":"https:\/\/www.opinionpublica.tv\/portada\/wp-json\/wp\/v2\/media\/36723"}],"wp:attachment":[{"href":"https:\/\/www.opinionpublica.tv\/portada\/wp-json\/wp\/v2\/media?parent=36724"}],"wp:term":[{"taxonomy":"category","embeddable":true,"href":"https:\/\/www.opinionpublica.tv\/portada\/wp-json\/wp\/v2\/categories?post=36724"},{"taxonomy":"post_tag","embeddable":true,"href":"https:\/\/www.opinionpublica.tv\/portada\/wp-json\/wp\/v2\/tags?post=36724"}],"curies":[{"name":"wp","href":"https:\/\/api.w.org\/{rel}","templated":true}]}}