{"id":36722,"date":"2023-08-03T06:00:00","date_gmt":"2023-08-03T04:00:00","guid":{"rendered":"https:\/\/www.opinionpublica.tv\/portada\/2023\/08\/03\/efemerides-3-de-agosto-5\/"},"modified":"2023-08-03T06:00:00","modified_gmt":"2023-08-03T04:00:00","slug":"efemerides-3-de-agosto-5","status":"publish","type":"post","link":"https:\/\/www.opinionpublica.tv\/portada\/efemerides-3-de-agosto-5\/","title":{"rendered":"Efem\u00e9rides 3 de agosto"},"content":{"rendered":"<img fetchpriority=\"high\" decoding=\"async\" class=\" size-full wp-image-36721\" src=\"https:\/\/www.opinionpublica.tv\/portada\/wp-content\/uploads\/2023\/08\/87feb4f1e4ff55b2867b1a0f93ac1f90.jpg\" alt=\"\" class=\"caption\" title=\"Crist\u00f3bal Col\u00f3n zarp\u00f3 del Puerto de Palos a bordo de tres carabelas que llegaron a Am\u00e9rica.\" width=\"300\" height=\"168\" \/>\n<p style=\"text-align: justify;\">Un d\u00eda 3 de agosto como hoy, pero de 1492, zarpa del Puerto de Palos de la Frontera (Huelva, Espa\u00f1a) la flotilla mandada por Crist\u00f3bal Col\u00f3n y compuesta por las tres carabelas -la \u00abPinta\u00bb, la \u00abNi\u00f1a\u00bb y la \u00abSanta Mar\u00eda\u00bb-, con la esperanza de encontrar una nueva ruta hacia la India, viaje que culmin\u00f3 en el descubrimiento de Am\u00e9rica.<\/p>\n<p><!--more--><\/p>\n<p style=\"text-align: justify;\"><strong>Otras efem\u00e9rides<\/strong><\/p>\n<p style=\"text-align: justify;\">1778.- Inauguraci\u00f3n de La Scala en Mil\u00e1n, con la \u00f3pera \u00abEuropa Riconosciuta\u00bb, de Antonio Salieri.<\/p>\n<p style=\"text-align: justify;\">1798.- Concluye tras dos d\u00edas la batalla del Nilo en la que el almirante brit\u00e1nico Nelson obliga a los restos de la flota francesa a rendirse.<\/p>\n<p style=\"text-align: justify;\">1804.- El ge\u00f3grafo y naturalista alem\u00e1n Alejandro Humboldt desembarca en Burdeos tras cinco a\u00f1os de expedici\u00f3n en Am\u00e9rica.<\/p>\n<p style=\"text-align: justify;\">1821.- El general San Mart\u00edn se constituye en protector supremo de Per\u00fa por el tiempo que aconsejen las circunstancias.<\/p>\n<p style=\"text-align: justify;\">1868.- La provincia de Buenos Aires sustituye la pena capital por la de presidio que, como m\u00e1ximo, ser\u00e1 de 20 a\u00f1os.<\/p>\n<p style=\"text-align: justify;\">1900.- Harvey Samuel Firestone funda en Ohio la compa\u00f1\u00eda de neum\u00e1ticos que lleva su nombre.<\/p>\n<p style=\"text-align: justify;\">1914.- I Guerra Mundial: Francia, B\u00e9lgica y Gran Breta\u00f1a declaran la guerra a Alemania.<\/p>\n<p style=\"text-align: justify;\">1927.- Se inaugura la uni\u00f3n telef\u00f3nica sin hilo Berl\u00edn-Buenos Aires.<\/p>\n<p style=\"text-align: justify;\">1940.- II Guerra Mundial: Tropas italianas inician la conquista de la Somalia inglesa.<\/p>\n<p style=\"text-align: justify;\">1940.- La URSS se anexiona formalmente las rep\u00fablicas b\u00e1lticas de Estonia y Lituania.<\/p>\n<p style=\"text-align: justify;\">1952.- Se clausuran los Juegos Ol\u00edmpicos de Helsinki, en los que Rusia participa por primera vez despu\u00e9s de 40 a\u00f1os.<\/p>\n<p style=\"text-align: justify;\">1958.- El submarino nuclear estadounidense \u00abNautilus\u00bb atraviesa por primera vez el Polo Norte y cruza del Oc\u00e9ano Pac\u00edfico al Atl\u00e1ntico.<\/p>\n<p style=\"text-align: justify;\">1969.- Sangrientos disturbios en Belfast, que duraron 16 d\u00edas.<\/p>\n<p style=\"text-align: justify;\">1979.- Golpe de Estado militar en Guinea Ecuatorial contra el presidente Mac\u00edas, dirigido por su ministro de Defensa, Teodoro Obiang Nguema.<\/p>\n<p style=\"text-align: justify;\">1984.- Primera huelga general en Argentina contra el Gobierno del presidente Ra\u00fal Alfons\u00edn.<\/p>\n<p style=\"text-align: justify;\">1994.- El Parlamento israel\u00ed aprueba el acuerdo alcanzado en Washington el 25 de julio \u00faltimo por el que Israel y Jordania pusieron fin a 46 a\u00f1os de estado de guerra.<\/p>\n<p style=\"text-align: justify;\">2001.- El estadounidense Citigroup culmina en M\u00e9xico la mayor transacci\u00f3n bancaria registrada en Am\u00e9rica Latina, al cerrar la operaci\u00f3n de compra de la mayor\u00eda del capital del Banamex-Accival (Banacci) por 12.500 millones de d\u00f3lares, con lo que se convierte en el grupo financiero m\u00e1s importante del pa\u00eds.<\/p>\n<p style=\"text-align: justify;\">2005.- Un golpe de Estado en Mauritania derroca al presidente Maaouya Ould Sid&#8217;Ahmed Taya, quien se encontraba en Arabia Saud\u00ed.<\/p>\n<p style=\"text-align: justify;\">2005.- El presidente de la Casa de la Moneda de Brasil, Manoel Severino dos Santos, renuncia a su cargo tras ser relacionado con el publicista Marcos Valerio Fern\u00e1ndez por financiaci\u00f3n ilegal para sus campa\u00f1as electorales.<\/p>\n<p style=\"text-align: justify;\">2011.- Comienza, en un hecho sin precedentes en el mundo \u00e1rabe, el juicio contra el ex mandatario egipcio Hosni Mubarak, que comparece en camilla.<\/p>\n<p style=\"text-align: justify;\">2014.- El Estado Isl\u00e1mico (EI) perpetra una masacre contra la minor\u00eda yazid\u00ed en Sinyar (Irak) con el asesinato de 5.000 hombres y el secuestro y violaci\u00f3n de unas 7 mil mujeres y ni\u00f1os.<\/p>\n<p style=\"text-align: justify;\">2015.- El antiguo \u00abhombre fuerte\u00bb del ex presidente brasile\u00f1o Lula da Silva, el ex ministro Jos\u00e9 Dirceu, condenado por casos de corrupci\u00f3n en 2005, vuelve a prisi\u00f3n, por el caso Petrobras.<\/p>\n<p style=\"text-align: justify;\">2016.- El regulador estadounidense de aviaci\u00f3n autoriza por primera vez a una empresa privada lanzar una misi\u00f3n a la Luna.<\/p>\n<p style=\"text-align: justify;\">2019.- Un joven mata a 22 personas y deja 20 heridos en un tiroteo en un centro comercial de El Paso (Texas, EE.UU.).<\/p>\n<p style=\"text-align: justify;\">2020.- El rey em\u00e9rito, Juan Carlos I, anuncia por carta a su hijo Felipe VI que abandona Espa\u00f1a para residir en el extranjero tras salir a la luz presuntos negocios y cuentas ocultas en Suiza.<\/p>\n<p style=\"text-align: justify;\">2022.- En M\u00e9xico, 10 mineros quedan atrapados tras un derrumbe en una mina de carb\u00f3n en Coahuila y ante la imposibilidad de ser rescatados acaban falleciendo.<\/p>\n<p style=\"text-align: justify;\">2022.- Cient\u00edficos estadounidenses restauran la circulaci\u00f3n sangu\u00ednea y otras funciones celulares en cerdos una hora despu\u00e9s de que fallecieran, seg\u00fan publica la revista Nature.<\/p>\n<p style=\"text-align: justify;\"><strong>Nacimientos<\/strong><\/p>\n<p style=\"text-align: justify;\">1823.- Francisco Asenjo Barbieri, compositor espa\u00f1ol.<\/p>\n<p style=\"text-align: justify;\">1872.- Haakon VI primer rey de Noruega.<\/p>\n<p style=\"text-align: justify;\">1903.- Habib Burguiba, estadista tunecino.<\/p>\n<p style=\"text-align: justify;\">1904.- Dolores del R\u00edo, actriz de cine mexicana.<\/p>\n<p style=\"text-align: justify;\">1925.- Alain Touraine, soci\u00f3logo y escritor franc\u00e9s.<\/p>\n<p style=\"text-align: justify;\">1926.- Tony Bennett, leyenda del jazz estadounidense.<\/p>\n<p style=\"text-align: justify;\">1940.- Martin Sheen, actor estadounidense.<\/p>\n<p style=\"text-align: justify;\">1941.- Martha Stewart, magnate de la comunicaci\u00f3n televisiva estadounidense.<\/p>\n<p style=\"text-align: justify;\">1944.- Nino Bravo, cantautor espa\u00f1ol.<\/p>\n<p style=\"text-align: justify;\">1950.- Ernesto Samper, pol\u00edtico colombiano.<\/p>\n<p style=\"text-align: justify;\">1986.- Carlota Casiraghi, primog\u00e9nita de la princesa Carolina de M\u00f3naco.<\/p>\n<p style=\"text-align: justify;\"><strong>Defunciones<\/strong><\/p>\n<p style=\"text-align: justify;\">1924.- Joseph Conrad, escritor brit\u00e1nico.<\/p>\n<p style=\"text-align: justify;\">1954.- Gabrielle Claudine Colette, escritora francesa.<\/p>\n<p style=\"text-align: justify;\">1977.- Makarios III, arzobispo ortodoxo y pol\u00edtico chipriota.<\/p>\n<p style=\"text-align: justify;\">1986.- Beryl Markham, primera mujer piloto que sobrevol\u00f3 el oc\u00e9ano Atl\u00e1ntico.<\/p>\n<p style=\"text-align: justify;\">1992.- Manuel Blasco, pintor y escritor espa\u00f1ol.<\/p>\n<p style=\"text-align: justify;\">1995.- Ida Lupino, actriz brit\u00e1nica.<\/p>\n<p style=\"text-align: justify;\">1998.- Alfred Schnittke, compositor ruso.<\/p>\n<p style=\"text-align: justify;\">2008.- Alexander Solzhenitsin, escritor ruso y Premio Nobel de Literatura.<\/p>\n<p style=\"text-align: justify;\">2011.- Bubba Smith, actor y antigua estrella de Liga Nacional de F\u00fatbol Americano.<\/p>\n<p style=\"text-align: justify;\">2017.- Angel Nieto, expiloto espa\u00f1ol de motociclismo.<\/p>\n<p style=\"text-align: justify;\">2020.- John Hume, pol\u00edtico norirland\u00e9s.<\/p>\n","protected":false},"excerpt":{"rendered":"<p>Un d\u00eda 3 de agosto como hoy, pero de 1492, zarpa del Puerto de Palos de la Frontera (Huelva, Espa\u00f1a) la flotilla mandada por Crist\u00f3bal Col\u00f3n y compuesta por las tres carabelas -la \u00abPinta\u00bb, la \u00abNi\u00f1a\u00bb y la \u00abSanta Mar\u00eda\u00bb-, con la esperanza de encontrar una nueva ruta hacia la India, viaje que culmin\u00f3 en [&hellip;]<\/p>\n","protected":false},"author":6,"featured_media":36721,"comment_status":"open","ping_status":"open","sticky":false,"template":"","format":"standard","meta":{"_acf_changed":false,"_monsterinsights_skip_tracking":false,"slim_seo":{"title":"Efem\u00e9rides 3 de agosto - Opini\u00f3n P\u00fablica","description":"Un d\u00eda 3 de agosto como hoy, pero de 1492, zarpa del Puerto de Palos de la Frontera (Huelva, Espa\u00f1a) la flotilla mandada por Crist\u00f3bal Col\u00f3n y compuesta por las"},"footnotes":""},"categories":[27],"tags":[],"class_list":["post-36722","post","type-post","status-publish","format-standard","has-post-thumbnail","hentry","category-un-dia-como-hoy"],"acf":[],"_links":{"self":[{"href":"https:\/\/www.opinionpublica.tv\/portada\/wp-json\/wp\/v2\/posts\/36722","targetHints":{"allow":["GET"]}}],"collection":[{"href":"https:\/\/www.opinionpublica.tv\/portada\/wp-json\/wp\/v2\/posts"}],"about":[{"href":"https:\/\/www.opinionpublica.tv\/portada\/wp-json\/wp\/v2\/types\/post"}],"author":[{"embeddable":true,"href":"https:\/\/www.opinionpublica.tv\/portada\/wp-json\/wp\/v2\/users\/6"}],"replies":[{"embeddable":true,"href":"https:\/\/www.opinionpublica.tv\/portada\/wp-json\/wp\/v2\/comments?post=36722"}],"version-history":[{"count":0,"href":"https:\/\/www.opinionpublica.tv\/portada\/wp-json\/wp\/v2\/posts\/36722\/revisions"}],"wp:featuredmedia":[{"embeddable":true,"href":"https:\/\/www.opinionpublica.tv\/portada\/wp-json\/wp\/v2\/media\/36721"}],"wp:attachment":[{"href":"https:\/\/www.opinionpublica.tv\/portada\/wp-json\/wp\/v2\/media?parent=36722"}],"wp:term":[{"taxonomy":"category","embeddable":true,"href":"https:\/\/www.opinionpublica.tv\/portada\/wp-json\/wp\/v2\/categories?post=36722"},{"taxonomy":"post_tag","embeddable":true,"href":"https:\/\/www.opinionpublica.tv\/portada\/wp-json\/wp\/v2\/tags?post=36722"}],"curies":[{"name":"wp","href":"https:\/\/api.w.org\/{rel}","templated":true}]}}