{"id":36680,"date":"2023-08-03T06:00:00","date_gmt":"2023-08-03T04:00:00","guid":{"rendered":"https:\/\/www.opinionpublica.tv\/portada\/2023\/08\/03\/el-miedo-presidencial\/"},"modified":"2023-08-03T06:00:00","modified_gmt":"2023-08-03T04:00:00","slug":"el-miedo-presidencial","status":"publish","type":"post","link":"https:\/\/www.opinionpublica.tv\/portada\/el-miedo-presidencial\/","title":{"rendered":"El miedo presidencial"},"content":{"rendered":"<img fetchpriority=\"high\" decoding=\"async\" class=\" size-full wp-image-36679\" src=\"https:\/\/www.opinionpublica.tv\/portada\/wp-content\/uploads\/2023\/08\/a336b1c90090b8aa8d494f57094ed89d.jpg\" alt=\"\" class=\"caption\" title=\"Carlos Fernando Angulo Parra\" width=\"270\" height=\"270\" srcset=\"https:\/\/www.opinionpublica.tv\/portada\/wp-content\/uploads\/2023\/08\/a336b1c90090b8aa8d494f57094ed89d.jpg 270w, https:\/\/www.opinionpublica.tv\/portada\/wp-content\/uploads\/2023\/08\/a336b1c90090b8aa8d494f57094ed89d-150x150.jpg 150w\" sizes=\"(max-width: 270px) 100vw, 270px\" \/>\n<p style=\"text-align: justify;\">El presidente ten\u00eda trazada una ruta cr\u00edtica de acciones para la toma del poder absoluto en M\u00e9xico. Primero, se aprovech\u00f3 del hartazgo ciudadano con los partidos pol\u00edticos y con la corrupci\u00f3n, de la cual nos dio amplios ejemplos del gobierno de Pe\u00f1a Nieto.<\/p>\n<p><!--more--><\/p>\n<p style=\"text-align: justify;\">Ese primer tramo de la ruta trazada result\u00f3 en un \u00e9xito total. Se gan\u00f3 la presidencia de la Rep\u00fablica con un amplio margen y despu\u00e9s de maniobras y traiciones de miembros de otros partidos, obtuvo la mayor\u00eda calificada en la C\u00e1mara de Diputados y qued\u00f3 un poco corto en la C\u00e1mara de Senadores, pero aun as\u00ed sac\u00f3 reformas constitucionales utilizando su amplio poder y ciertas virtudes de negociaci\u00f3n, aprovech\u00e1ndose de una oposici\u00f3n asustada.<\/p>\n<p style=\"text-align: justify;\">El primer descuido se dio en el tercer tramo de su ruta; las elecciones del 2021. Se confi\u00f3 de la desidia ciudadana acostumbrada en las elecciones de medio t\u00e9rmino y, con una fuerte promoci\u00f3n ciudadana para abatir el abstencionismo, perdi\u00f3 la mayor\u00eda calificada en la C\u00e1mara de Senadores.<\/p>\n<p style=\"text-align: justify;\">Con ello ya no pudo hacer cambios constitucionales y, desesperado, opt\u00f3 por violar la Constituci\u00f3n provocando la ira ciudadana, despertando al tigre, pero ahora el tigre ciudadano, con lo que se generaron las movilizaciones del 13 de noviembre y 26 de febrero de 2022, la primera en apoyo al INE y la segunda en apoyo a la Suprema Corte de Justicia. \u00c9sa fue la muestra del m\u00fasculo ciudadano que se caracteriz\u00f3 como la \u201cMarea Rosa\u201d.<\/p>\n<p style=\"text-align: justify;\">Despu\u00e9s del resultado electoral del 2021, el presidente, desesperado, inici\u00f3 la carrera sucesoria inmediatamente despu\u00e9s de terminado el proceso electoral, haciendo total caso omiso de los tiempos dictados por la Ley General de Instituciones y Procesos Electorales.<\/p>\n<p style=\"text-align: justify;\">As\u00ed, el presidente se manifest\u00f3 ampliamente por la designaci\u00f3n de Claudia Sheinbaum, entonces jefa de gobierno de la Ciudad de M\u00e9xico. Pero al verse asediado por Marcelo Ebrard, entonces secretario de Relaciones Exteriores, quien provoc\u00f3 una revoluci\u00f3n en la granja de Morena, tuvo que abrir una supuesta competencia entre diversos actores pol\u00edticos relevantes de morena y partidos aliados, gener\u00e1ndose una descarada campa\u00f1a con espectaculares, bardas, m\u00edtines, acarreados y dispendio de fondos p\u00fablicos de proporciones fenomenales.<\/p>\n<p style=\"text-align: justify;\">Con todo lo anterior el presidente se encontraba tranquilo de que la oposici\u00f3n no hiciese nada, en virtud de que ten\u00eda el escenario perfecto para \u00e9l; una movilizaci\u00f3n cotidiana con flagrantes violaciones a la ley, con un INE est\u00e1tico y dubitativo y una oposici\u00f3n d\u00e9bil, con actores pol\u00edticos reciclados y en una trampa de que si actuaban violaba en la ley, y si no actuaban continuar\u00eda el oficialismo avasall\u00e1ndolos.<\/p>\n<p style=\"text-align: justify;\">Pero oh sorpresa, de repente sale un actor pol\u00edtico que nadie ten\u00eda en el mapa, quien hace un movimiento individual en contra del presidente para que se cumpliera una sentencia judicial que obligaba al presidente a darle espacio en la ma\u00f1anera para que hiciera una r\u00e9plica a una aseveraci\u00f3n que el presidente hizo en su contra.<\/p>\n<p style=\"text-align: justify;\">Ella fue X\u00f3chitl G\u00e1lvez, quien, con la negativa del presidente, la hizo subir como espuma en la aceptaci\u00f3n ciudadana, generando una narrativa aut\u00e9ntica y comprobable del ascenso que tuvo de su condici\u00f3n de ind\u00edgena e indigente, a la de una empresaria, profesionista exitosa, con galardones internacionales y con involucramiento personal en la filantrop\u00eda para el apoyo de ind\u00edgenas en estado de extrema pobreza, con una personalidad campechana, discurso fresco que genera esperanza en la ciudadan\u00eda.<\/p>\n<p style=\"text-align: justify;\">Ella ha generado un pavor en el presidente. Lo estamos viendo hacer acciones desesperadas como tratar de meter a X\u00f3chitl a la c\u00e1rcel aduciendo corrupci\u00f3n en su \u00e9xito empresarial y profesional.<\/p>\n<p style=\"text-align: justify;\">La opci\u00f3n a este gobierno gener\u00f3 un m\u00e9todo creativo en donde, junto con la sociedad civil, concert\u00f3 con los partidos pol\u00edticos para formar un frente aprobado por la ley para despu\u00e9s convertirse en una coalici\u00f3n electoral con el fin de formar un gobierno de coalici\u00f3n.<\/p>\n<p style=\"text-align: justify;\">Ahora la oposici\u00f3n s\u00ed tiene tiro con el presidente quien tiene miedo.<\/p>\n","protected":false},"excerpt":{"rendered":"<p>El presidente ten\u00eda trazada una ruta cr\u00edtica de acciones para la toma del poder absoluto en M\u00e9xico. Primero, se aprovech\u00f3 del hartazgo ciudadano con los partidos pol\u00edticos y con la corrupci\u00f3n, de la cual nos dio amplios ejemplos del gobierno de Pe\u00f1a Nieto.<\/p>\n","protected":false},"author":6,"featured_media":36679,"comment_status":"open","ping_status":"open","sticky":false,"template":"","format":"standard","meta":{"_acf_changed":false,"_monsterinsights_skip_tracking":false,"slim_seo":{"title":"El miedo presidencial - Opini\u00f3n P\u00fablica","description":"El presidente ten\u00eda trazada una ruta cr\u00edtica de acciones para la toma del poder absoluto en M\u00e9xico. Primero, se aprovech\u00f3 del hartazgo ciudadano con los partido"},"footnotes":""},"categories":[17],"tags":[],"class_list":["post-36680","post","type-post","status-publish","format-standard","has-post-thumbnail","hentry","category-ultima-instancia"],"acf":[],"_links":{"self":[{"href":"https:\/\/www.opinionpublica.tv\/portada\/wp-json\/wp\/v2\/posts\/36680","targetHints":{"allow":["GET"]}}],"collection":[{"href":"https:\/\/www.opinionpublica.tv\/portada\/wp-json\/wp\/v2\/posts"}],"about":[{"href":"https:\/\/www.opinionpublica.tv\/portada\/wp-json\/wp\/v2\/types\/post"}],"author":[{"embeddable":true,"href":"https:\/\/www.opinionpublica.tv\/portada\/wp-json\/wp\/v2\/users\/6"}],"replies":[{"embeddable":true,"href":"https:\/\/www.opinionpublica.tv\/portada\/wp-json\/wp\/v2\/comments?post=36680"}],"version-history":[{"count":0,"href":"https:\/\/www.opinionpublica.tv\/portada\/wp-json\/wp\/v2\/posts\/36680\/revisions"}],"wp:featuredmedia":[{"embeddable":true,"href":"https:\/\/www.opinionpublica.tv\/portada\/wp-json\/wp\/v2\/media\/36679"}],"wp:attachment":[{"href":"https:\/\/www.opinionpublica.tv\/portada\/wp-json\/wp\/v2\/media?parent=36680"}],"wp:term":[{"taxonomy":"category","embeddable":true,"href":"https:\/\/www.opinionpublica.tv\/portada\/wp-json\/wp\/v2\/categories?post=36680"},{"taxonomy":"post_tag","embeddable":true,"href":"https:\/\/www.opinionpublica.tv\/portada\/wp-json\/wp\/v2\/tags?post=36680"}],"curies":[{"name":"wp","href":"https:\/\/api.w.org\/{rel}","templated":true}]}}