{"id":36570,"date":"2023-07-27T06:00:00","date_gmt":"2023-07-27T04:00:00","guid":{"rendered":"https:\/\/www.opinionpublica.tv\/portada\/2023\/07\/27\/invitan-a-juarenses-a-la-exposicion-viva-la-mujer-en-el-arte\/"},"modified":"2023-07-27T06:00:00","modified_gmt":"2023-07-27T04:00:00","slug":"invitan-a-juarenses-a-la-exposicion-viva-la-mujer-en-el-arte","status":"publish","type":"post","link":"https:\/\/www.opinionpublica.tv\/portada\/invitan-a-juarenses-a-la-exposicion-viva-la-mujer-en-el-arte\/","title":{"rendered":"Invitan a juarenses a exposici\u00f3n \u2018Viva la Mujer en el Arte\u2019"},"content":{"rendered":"<p><img fetchpriority=\"high\" decoding=\"async\" class=\" size-full wp-image-36569\" src=\"https:\/\/www.opinionpublica.tv\/portada\/wp-content\/uploads\/2023\/07\/1196c3f59c37977c9cec81ac355e0df1.jpg\" alt=\"\" class=\"caption\" title=\"Iv\u00e1n Antonio P\u00e9rez Ruiz, director de Desarrollo Econ\u00f3mico del Municipio de Ju\u00e1rez.\" width=\"1600\" height=\"1066\" srcset=\"https:\/\/www.opinionpublica.tv\/portada\/wp-content\/uploads\/2023\/07\/1196c3f59c37977c9cec81ac355e0df1.jpg 1600w, https:\/\/www.opinionpublica.tv\/portada\/wp-content\/uploads\/2023\/07\/1196c3f59c37977c9cec81ac355e0df1-300x200.jpg 300w, https:\/\/www.opinionpublica.tv\/portada\/wp-content\/uploads\/2023\/07\/1196c3f59c37977c9cec81ac355e0df1-1024x682.jpg 1024w, https:\/\/www.opinionpublica.tv\/portada\/wp-content\/uploads\/2023\/07\/1196c3f59c37977c9cec81ac355e0df1-768x512.jpg 768w, https:\/\/www.opinionpublica.tv\/portada\/wp-content\/uploads\/2023\/07\/1196c3f59c37977c9cec81ac355e0df1-1536x1023.jpg 1536w\" sizes=\"(max-width: 1600px) 100vw, 1600px\" \/><br \/>\n<!--more--><\/p>\n<p style=\"text-align: justify;\"><em>Ciudad Ju\u00e1rez, Chih<\/em>.- La Direcci\u00f3n General de Desarrollo Econ\u00f3mico hizo una invitaci\u00f3n a los juarenses para disfrutar de las 40 obras que integran la exposici\u00f3n colectiva \u201cViva la Mujer en el Arte\u201d, que ser\u00e1 inaugurada el 3 de agosto a las 7:00 de la tarde.<\/p>\n<p style=\"text-align: justify;\">Iv\u00e1n P\u00e9rez Ruiz, titular de la dependencia, inform\u00f3 que la exhibici\u00f3n se llevar\u00e1 a cabo en las instalaciones del Museo de Arqueolog\u00eda e Historia de El Chamizal, donde permanecer\u00e1 hasta el 30 de septiembre con entrada libre.<\/p>\n<p style=\"text-align: justify;\">Dijo que las actividades forman parte de la segunda etapa del mismo proyecto que se realiz\u00f3 en el mes de marzo, dentro del marco del D\u00eda Internacional de la Mujer.<\/p>\n<p style=\"text-align: justify;\">Este proyecto es organizado por la Asociaci\u00f3n Civil Mujeres Visionarias y participan la Direcci\u00f3n de Atenci\u00f3n a Organizaciones Religiosas y el Museo de Arqueolog\u00eda e Historia de El Chamizal.<\/p>\n<p style=\"text-align: justify;\">\u201cLa asociaci\u00f3n civil ha hecho un excelente trabajo en el tema de mujeres y como manifest\u00f3 el Presidente Municipal, Cruz P\u00e9rez Cu\u00e9llar, todos los juarenses que tengan que aportar a Ju\u00e1rez son bienvenidos\u201d, expres\u00f3.<\/p>\n<p style=\"text-align: justify;\">La directora de Promoci\u00f3n Tur\u00edstica del Municipio, Jaqueline Armend\u00e1riz Mart\u00ednez, dijo que el proyecto brinda a las mujeres la oportunidad de expresar sus sentimientos a trav\u00e9s del arte, por lo que es importante apoyarlas a fin de que no solamente contin\u00faen en esta disciplina, sino que adem\u00e1s sean inspiraci\u00f3n para otras mujeres.<\/p>\n<p style=\"text-align: justify;\">As\u00ed mismo, David Medina Rodr\u00edguez, director de Atenci\u00f3n a Organizaciones Religiosas del Municipio, celebr\u00f3 la actividad y agradeci\u00f3 a Desarrollo Econ\u00f3mico por apoyar y fortalecer este tipo de proyectos.<\/p>\n<p style=\"text-align: justify;\">Tambi\u00e9n destac\u00f3 la labor de Mujeres Visionarias A.C. ya que construyen otras alternativas y promueven las actividades culturales para que otras f\u00e9minas puedan participar, pues las acciones fortalecen y contribuyen en el marco del desarrollo.<\/p>\n<p style=\"text-align: justify;\">La presidenta de la asociaci\u00f3n, Luz Mar\u00eda Sotelo, dijo que este organismo apoya no solamente a las mujeres, sino a todas las familias que requieren consejer\u00eda psicol\u00f3gica y espiritual.<\/p>\n","protected":false},"excerpt":{"rendered":"","protected":false},"author":6,"featured_media":36569,"comment_status":"open","ping_status":"open","sticky":false,"template":"","format":"standard","meta":{"_acf_changed":false,"_monsterinsights_skip_tracking":false,"slim_seo":{"title":"Invitan a juarenses a exposici\u00f3n \u2018Viva la Mujer en el Arte\u2019 - Opini\u00f3n P\u00fablica","description":"Ciudad Ju\u00e1rez, Chih .- La Direcci\u00f3n General de Desarrollo Econ\u00f3mico hizo una invitaci\u00f3n a los juarenses para disfrutar de las 40 obras que integran la exposici\u00f3"},"footnotes":""},"categories":[41],"tags":[],"class_list":["post-36570","post","type-post","status-publish","format-standard","has-post-thumbnail","hentry","category-juarez"],"acf":[],"_links":{"self":[{"href":"https:\/\/www.opinionpublica.tv\/portada\/wp-json\/wp\/v2\/posts\/36570","targetHints":{"allow":["GET"]}}],"collection":[{"href":"https:\/\/www.opinionpublica.tv\/portada\/wp-json\/wp\/v2\/posts"}],"about":[{"href":"https:\/\/www.opinionpublica.tv\/portada\/wp-json\/wp\/v2\/types\/post"}],"author":[{"embeddable":true,"href":"https:\/\/www.opinionpublica.tv\/portada\/wp-json\/wp\/v2\/users\/6"}],"replies":[{"embeddable":true,"href":"https:\/\/www.opinionpublica.tv\/portada\/wp-json\/wp\/v2\/comments?post=36570"}],"version-history":[{"count":0,"href":"https:\/\/www.opinionpublica.tv\/portada\/wp-json\/wp\/v2\/posts\/36570\/revisions"}],"wp:featuredmedia":[{"embeddable":true,"href":"https:\/\/www.opinionpublica.tv\/portada\/wp-json\/wp\/v2\/media\/36569"}],"wp:attachment":[{"href":"https:\/\/www.opinionpublica.tv\/portada\/wp-json\/wp\/v2\/media?parent=36570"}],"wp:term":[{"taxonomy":"category","embeddable":true,"href":"https:\/\/www.opinionpublica.tv\/portada\/wp-json\/wp\/v2\/categories?post=36570"},{"taxonomy":"post_tag","embeddable":true,"href":"https:\/\/www.opinionpublica.tv\/portada\/wp-json\/wp\/v2\/tags?post=36570"}],"curies":[{"name":"wp","href":"https:\/\/api.w.org\/{rel}","templated":true}]}}