{"id":36562,"date":"2023-07-27T06:00:00","date_gmt":"2023-07-27T04:00:00","guid":{"rendered":"https:\/\/www.opinionpublica.tv\/portada\/2023\/07\/27\/hemos-logrado-reducir-la-pobreza-lopez-obrador\/"},"modified":"2023-07-27T06:00:00","modified_gmt":"2023-07-27T04:00:00","slug":"hemos-logrado-reducir-la-pobreza-lopez-obrador","status":"publish","type":"post","link":"https:\/\/www.opinionpublica.tv\/portada\/hemos-logrado-reducir-la-pobreza-lopez-obrador\/","title":{"rendered":"\u2018Hemos logrado reducir la pobreza\u2019: L\u00f3pez Obrador"},"content":{"rendered":"<p><img fetchpriority=\"high\" decoding=\"async\" class=\" size-full wp-image-36561\" src=\"https:\/\/www.opinionpublica.tv\/portada\/wp-content\/uploads\/2023\/07\/32bdf573a55021ff814729ce54f77fdd.jpg\" alt=\"\" class=\"caption\" title=\"En el 2016 los m\u00e1s ricos ganaban 21 veces m\u00e1s que los pobres; en 2022 se redujo 15 veces.\" width=\"275\" height=\"183\" \/><br \/>\n<!--more--><\/p>\n<p style=\"text-align: justify;\">El presidente Andr\u00e9s Manuel L\u00f3pez Obrador asegur\u00f3 que la pobreza se redujo en lo que va de su gobierno tras el aumento en los ingresos de las personas m\u00e1s pobres, de acuerdo a los datos que dio a conocer el Instituto Nacional de Estad\u00edstica y Geograf\u00eda (Inegi) respecto al ingreso y bienestar en hogares mexicanos.<\/p>\n<p style=\"text-align: justify;\">Lo anterior lo extern\u00f3 el mandatario en la conferencia ma\u00f1anera de este mi\u00e9rcoles 27 de julio de 2023, donde asegur\u00f3 que dichos datos lo tienen \u201cmuy contento, como pavorreal\u00bb pues \u00abno es poca cosa\u00bb.<\/p>\n<p style=\"text-align: justify;\">Adem\u00e1s, el tabasque\u00f1o afirm\u00f3 que el informe s\u00f3lo demuestra que el modelo de \u201ceconom\u00eda moral\u201d est\u00e1 dando frutos en el pa\u00eds, lo cual hace que la poblaci\u00f3n hoy goce de muchas cosas que antes no pod\u00eda.<\/p>\n<p style=\"text-align: justify;\">Estamos demostrando con nuestro modelo de econom\u00eda moral que no basta con el crecimiento econ\u00f3mico. Nuestra estrategia es que haya crecimiento. Antes, en el periodo neoliberal lo m\u00e1s usado era desarrollo. El crecimiento significa progreso, pero no justicia\u201d, coment\u00f3 el mandatario.<\/p>\n<p style=\"text-align: justify;\"><strong>\u00bfQu\u00e9 resalt\u00f3 el presidente?<\/strong><\/p>\n<p style=\"text-align: justify;\">L\u00f3pez Obrador aprovech\u00f3 la tribuna en Palacio Nacional para desglosar algunos puntos del estudio en los cuales demuestra los logros de la pol\u00edtica econ\u00f3mica en lo que va de su gobierno en M\u00e9xico, la cual privilegia a los sectores m\u00e1s desprotegidos.<\/p>\n<p style=\"text-align: justify;\">El ingreso laboral para el 10% de los hogares m\u00e1s pobres se increment\u00f3 en promedio 29% del 2018 al 2022 en t\u00e9rminos reales.<\/p>\n<p style=\"text-align: justify;\">Por programas sociales, del 2018 a 2022, hubo un aumento real de 24% para el 10% m\u00e1s pobre. En comparaci\u00f3n con 2016 al 2018 se redujo 17%.<\/p>\n<p style=\"text-align: justify;\">Del 2018 a 2022 las becas para el 10% m\u00e1s pobre aumentaron en un 187%. En cambio del 2016 al 2018 se redujeron en 55%<\/p>\n<p style=\"text-align: justify;\">En salarios, del 2018 a 2022 el aumento para el 10% m\u00e1s pobre fue de 41% en t\u00e9rminos reales, mientras que de 2016 al 2018 se redujo en 5% en t\u00e9rminos reales.<\/p>\n<p style=\"text-align: justify;\">Por trabajo independiente, para el 10% m\u00e1s pobre el incremento del ingreso fue del 19.1% del 2018 al 2022.<\/p>\n<p style=\"text-align: justify;\">La brecha de ingresos entre los m\u00e1s ricos y los m\u00e1s pobres disminuy\u00f3; la desigualdad. En el 2016 los m\u00e1s ricos ganaban 21 veces m\u00e1s que los pobres; en 2022 se redujo 15 veces.<\/p>\n","protected":false},"excerpt":{"rendered":"","protected":false},"author":6,"featured_media":36561,"comment_status":"open","ping_status":"open","sticky":false,"template":"","format":"standard","meta":{"_acf_changed":false,"_monsterinsights_skip_tracking":false,"slim_seo":{"title":"\u2018Hemos logrado reducir la pobreza\u2019: L\u00f3pez Obrador - Opini\u00f3n P\u00fablica","description":"El presidente Andr\u00e9s Manuel L\u00f3pez Obrador asegur\u00f3 que la pobreza se redujo en lo que va de su gobierno tras el aumento en los ingresos de las personas m\u00e1s pobre"},"footnotes":""},"categories":[4],"tags":[],"class_list":["post-36562","post","type-post","status-publish","format-standard","has-post-thumbnail","hentry","category-pulsopolitico"],"acf":[],"_links":{"self":[{"href":"https:\/\/www.opinionpublica.tv\/portada\/wp-json\/wp\/v2\/posts\/36562","targetHints":{"allow":["GET"]}}],"collection":[{"href":"https:\/\/www.opinionpublica.tv\/portada\/wp-json\/wp\/v2\/posts"}],"about":[{"href":"https:\/\/www.opinionpublica.tv\/portada\/wp-json\/wp\/v2\/types\/post"}],"author":[{"embeddable":true,"href":"https:\/\/www.opinionpublica.tv\/portada\/wp-json\/wp\/v2\/users\/6"}],"replies":[{"embeddable":true,"href":"https:\/\/www.opinionpublica.tv\/portada\/wp-json\/wp\/v2\/comments?post=36562"}],"version-history":[{"count":0,"href":"https:\/\/www.opinionpublica.tv\/portada\/wp-json\/wp\/v2\/posts\/36562\/revisions"}],"wp:featuredmedia":[{"embeddable":true,"href":"https:\/\/www.opinionpublica.tv\/portada\/wp-json\/wp\/v2\/media\/36561"}],"wp:attachment":[{"href":"https:\/\/www.opinionpublica.tv\/portada\/wp-json\/wp\/v2\/media?parent=36562"}],"wp:term":[{"taxonomy":"category","embeddable":true,"href":"https:\/\/www.opinionpublica.tv\/portada\/wp-json\/wp\/v2\/categories?post=36562"},{"taxonomy":"post_tag","embeddable":true,"href":"https:\/\/www.opinionpublica.tv\/portada\/wp-json\/wp\/v2\/tags?post=36562"}],"curies":[{"name":"wp","href":"https:\/\/api.w.org\/{rel}","templated":true}]}}