{"id":36558,"date":"2023-07-27T06:00:00","date_gmt":"2023-07-27T04:00:00","guid":{"rendered":"https:\/\/www.opinionpublica.tv\/portada\/2023\/07\/27\/video-the-marvels-de-marvel-studios-trailer-oficial-2023\/"},"modified":"2023-07-27T06:00:00","modified_gmt":"2023-07-27T04:00:00","slug":"video-the-marvels-de-marvel-studios-trailer-oficial-2023","status":"publish","type":"post","link":"https:\/\/www.opinionpublica.tv\/portada\/video-the-marvels-de-marvel-studios-trailer-oficial-2023\/","title":{"rendered":"Video: The Marvels de Marvel Studios | Tr\u00e1iler oficial 2023"},"content":{"rendered":"<p><img fetchpriority=\"high\" decoding=\"async\" class=\" size-full wp-image-36557\" src=\"https:\/\/www.opinionpublica.tv\/portada\/wp-content\/uploads\/2023\/07\/80f7b86f59d5a6877738bd07d6510929.jpg\" alt=\"\" width=\"535\" height=\"304\" srcset=\"https:\/\/www.opinionpublica.tv\/portada\/wp-content\/uploads\/2023\/07\/80f7b86f59d5a6877738bd07d6510929.jpg 535w, https:\/\/www.opinionpublica.tv\/portada\/wp-content\/uploads\/2023\/07\/80f7b86f59d5a6877738bd07d6510929-300x170.jpg 300w\" sizes=\"(max-width: 535px) 100vw, 535px\" \/><br \/>\n<!--more--><\/p>\n<p style=\"text-align: justify;\"><span class=\"yt-core-attributed-string yt-core-attributed-string--white-space-pre-wrap\"><span class=\"yt-core-attributed-string--link-inherit-color\">Mira el nuevo tr\u00e1iler de <\/span><span class=\"yt-core-attributed-string--link-inherit-color\"><a class=\"yt-core-attributed-string__link yt-core-attributed-string__link--display-type yt-core-attributed-string__link--call-to-action-color\" tabindex=\"0\" href=\"https:\/\/www.youtube.com\/hashtag\/themarvels\" target=\"\" rel=\"nofollow noopener\">#TheMarvels<\/a><\/span><span class=\"yt-core-attributed-string--link-inherit-color\">, estreno 9 de noviembre, solo en cines.<\/span><\/span><\/p>\n<div class=\"k2_video\"><iframe title=\"The Marvels de Marvel Studios | Tr\u00e1iler Oficial | Subtitulado\" width=\"800\" height=\"450\" src=\"https:\/\/www.youtube.com\/embed\/itXzYPOSEms?feature=oembed\" frameborder=\"0\" allow=\"accelerometer; autoplay; clipboard-write; encrypted-media; gyroscope; picture-in-picture; web-share\" referrerpolicy=\"strict-origin-when-cross-origin\" allowfullscreen><\/iframe>\n<\/div>\n","protected":false},"excerpt":{"rendered":"","protected":false},"author":6,"featured_media":36557,"comment_status":"open","ping_status":"open","sticky":false,"template":"","format":"standard","meta":{"_acf_changed":false,"_monsterinsights_skip_tracking":false,"slim_seo":{"title":"Video: The Marvels de Marvel Studios | Tr\u00e1iler oficial 2023 - Opini\u00f3n P\u00fablica","description":"Mira el nuevo tr\u00e1iler de #TheMarvels , estreno 9 de noviembre, solo en cines."},"footnotes":""},"categories":[8],"tags":[],"class_list":["post-36558","post","type-post","status-publish","format-standard","has-post-thumbnail","hentry","category-videos"],"acf":[],"_links":{"self":[{"href":"https:\/\/www.opinionpublica.tv\/portada\/wp-json\/wp\/v2\/posts\/36558","targetHints":{"allow":["GET"]}}],"collection":[{"href":"https:\/\/www.opinionpublica.tv\/portada\/wp-json\/wp\/v2\/posts"}],"about":[{"href":"https:\/\/www.opinionpublica.tv\/portada\/wp-json\/wp\/v2\/types\/post"}],"author":[{"embeddable":true,"href":"https:\/\/www.opinionpublica.tv\/portada\/wp-json\/wp\/v2\/users\/6"}],"replies":[{"embeddable":true,"href":"https:\/\/www.opinionpublica.tv\/portada\/wp-json\/wp\/v2\/comments?post=36558"}],"version-history":[{"count":0,"href":"https:\/\/www.opinionpublica.tv\/portada\/wp-json\/wp\/v2\/posts\/36558\/revisions"}],"wp:featuredmedia":[{"embeddable":true,"href":"https:\/\/www.opinionpublica.tv\/portada\/wp-json\/wp\/v2\/media\/36557"}],"wp:attachment":[{"href":"https:\/\/www.opinionpublica.tv\/portada\/wp-json\/wp\/v2\/media?parent=36558"}],"wp:term":[{"taxonomy":"category","embeddable":true,"href":"https:\/\/www.opinionpublica.tv\/portada\/wp-json\/wp\/v2\/categories?post=36558"},{"taxonomy":"post_tag","embeddable":true,"href":"https:\/\/www.opinionpublica.tv\/portada\/wp-json\/wp\/v2\/tags?post=36558"}],"curies":[{"name":"wp","href":"https:\/\/api.w.org\/{rel}","templated":true}]}}