{"id":36371,"date":"2023-07-18T06:00:00","date_gmt":"2023-07-18T04:00:00","guid":{"rendered":"https:\/\/www.opinionpublica.tv\/portada\/2023\/07\/18\/amlo-no-esta-ayudando-a-xochitl\/"},"modified":"2023-07-18T06:00:00","modified_gmt":"2023-07-18T04:00:00","slug":"amlo-no-esta-ayudando-a-xochitl","status":"publish","type":"post","link":"https:\/\/www.opinionpublica.tv\/portada\/amlo-no-esta-ayudando-a-xochitl\/","title":{"rendered":"AMLO no est\u00e1 ayudando a X\u00f3chitl"},"content":{"rendered":"<img fetchpriority=\"high\" decoding=\"async\" class=\" size-full wp-image-36370\" src=\"https:\/\/www.opinionpublica.tv\/portada\/wp-content\/uploads\/2023\/07\/9ddb9bcc3b9d1fa79c10466d7fa723c2.jpg\" alt=\"\" class=\"caption\" title=\"Roy Campos Esquerra.\" width=\"270\" height=\"270\" srcset=\"https:\/\/www.opinionpublica.tv\/portada\/wp-content\/uploads\/2023\/07\/9ddb9bcc3b9d1fa79c10466d7fa723c2.jpg 270w, https:\/\/www.opinionpublica.tv\/portada\/wp-content\/uploads\/2023\/07\/9ddb9bcc3b9d1fa79c10466d7fa723c2-150x150.jpg 150w\" sizes=\"(max-width: 270px) 100vw, 270px\" \/>\n<p style=\"text-align: justify;\">A pesar de que durante este sexenio hemos visto debates verbales y reales muy interesantes, el que hoy vemos es sin duda el m\u00e1s importante. Antes vimos c\u00f3mo AMLO emprende cruzadas contra gobernadores (Cabeza de Vaca); ex presidentes (Felipe Calder\u00f3n); ex funcionarios (Genaro Garc\u00eda Luna); empresarios (Claudio X. Gonz\u00e1lez); ciudadanos (Mar\u00eda Amparo Casar); periodistas (Carlos Loret de Mola); gobiernos extranjeros (Per\u00fa); organismos internacionales (ONU); activistas (padres de ni\u00f1os con c\u00e1ncer), y muchos otros porque aqu\u00ed anoto s\u00f3lo algunos ejemplos.<\/p>\n<p><!--more--><\/p>\n<p style=\"text-align: justify;\">Tambi\u00e9n hemos visto debates sin la intervenci\u00f3n de AMLO como los de la gobernadora de Campeche y Alejandro Moreno, que tambi\u00e9n es el motivo de diferencias p\u00fablicas con Dante Delgado o Miguel Osorio. El presidente del PAN tampoco ha estado libre de cr\u00edticas al interior de su partido, e incluso hemos visto pleitos entre gobernadores y candidatas de su partido como fue el caso de Javier Corral con Maru Campos. Pero ninguno de ellos llega a este nivel, ninguno tiene la importancia del que han establecido el presidente L\u00f3pez Obrador con la muy probable candidata opositora X\u00f3chitl G\u00e1lvez.<\/p>\n<p style=\"text-align: justify;\">Si reconocemos en el presidente una gran habilidad para la comunicaci\u00f3n pol\u00edtica y adem\u00e1s sabemos que \u00e9l creci\u00f3 en popularidad al amparo de las cr\u00edticas del entonces mandatario Vicente Fox, la pregunta obligada es \u00bfPor qu\u00e9 insiste en atacar a X\u00f3chitl? Un an\u00e1lisis general muy simple, ha llevado a decir a muchos que con sus cr\u00edticas y permanente ataque est\u00e1 ayud\u00e1ndola a posicionarse, yo no lo veo tan sencillo y aqu\u00ed lo quiero exponer. Tratar\u00e9 de desarrollar mi idea desde el punto de vista de estrategia electoral.<\/p>\n<p style=\"text-align: justify;\">Las embestidas de Vicente Fox a L\u00f3pez Obrador se dieron desde el inicio de sus gobiernos, en enero de 2001 ya estaban enfrentados con temas tan sencillos como el horario de verano o tan de fondo con el subsidio a la leche; eso los volvi\u00f3 los dos protagonistas de la pol\u00edtica nacional e hizo crecer a AMLO hasta hacer casi inevitable su candidatura (pasando antes por un proceso de desafuero que lo impuls\u00f3 de nuevo)<\/p>\n<p style=\"text-align: justify;\">Si los ataques a X\u00f3chitl hubieran sido al principio del sexenio, entonces podr\u00edamos igualar los fen\u00f3menos y decir que el presidente generaba la popularidad de ella, pero ahora no es as\u00ed, el ataque llega cuando ya est\u00e1 perfilada para ser la candidata, es decir, no construye una candidatura, sino ataca a la que ya ve candidata.<\/p>\n<p style=\"text-align: justify;\">El presidente, como buen analista y seguramente viendo sus encuestas, detect\u00f3 que era inevitable que X\u00f3chitl fuera candidata, pero tambi\u00e9n detecta que tiene mucho espacio para crecer (m\u00e1s de dos de cada tres mexicanos no la conoc\u00edan al tomar la decisi\u00f3n de competir) y que tiene una narrativa de vida real muy atractiva para el electorado: su origen; su exitosa carrera como empresaria y como pol\u00edtica; nunca haber sido acusada de corrupci\u00f3n; ser congruente en sus posiciones; no pertenecer a la estructura ni estar cerca de las dirigencias de los mal vistos partidos pol\u00edticos (lo que la hace una outsider); no ser cercana a los empresarios, periodistas, gobernadores, ex presidentes, etc, a los que el presidente ha descalificado; su forma de comunicar coloquial; su apariencia alejada del estereotipo de adversario que ha creado, etc, muchos elementos para detectar peligrosidad.<\/p>\n<p style=\"text-align: justify;\">Ante ese diagn\u00f3stico, el presidente sabe que como candidata tarde o temprano ser\u00e1 conocida por la gran mayor\u00eda de los ciudadanos, que m\u00e1s de nueve de cada 10 votantes en junio de 2024 sabr\u00e1n de ella. As\u00ed que sabiendo de campa\u00f1as decide que ese conocimiento suba r\u00e1pidamente, pero no con la narrativa que ella comunique, sino con la que \u00e9l nos diga; decide crear al personaje a la \u201cimagen y semejanza\u201d que \u00e9l establezca, en otras palabras decide \u201cetiquetarla\u201d que es de lo que se trata toda campa\u00f1a electoral.<\/p>\n<p style=\"text-align: justify;\">Antes de que ella generalice la idea de ser la \u201ccandidata del pueblo\u201d, la \u201ccandidata ind\u00edgena\u201d, la \u201ccandidata del \u00e9xito\u201d, o cualquier etiqueta positiva, L\u00f3pez Obrador quiere que sea vista como la \u201ccandidata de los conservadores\u201d, la \u201ccandidata de Claudio X. Gonz\u00e1lez\u201d, la \u201ccandidata millonaria\u201d (por ello la exhibici\u00f3n de contratos), o la \u201ccandidata falsa\u201d. Cualquier etiqueta negativa con la que X\u00f3chitl tenga que luchar. Es mucho m\u00e1s dif\u00edcil convencer a alguien de que cambie de opini\u00f3n que inyectarle opini\u00f3n a alguien que aun no te conoce. Y ah\u00ed est\u00e1 la explicaci\u00f3n a la permanente menci\u00f3n de ella que hace el presidente, a base de repetici\u00f3n intenta crear una percepci\u00f3n entre sus seguidores.<\/p>\n<p style=\"text-align: justify;\">Lo que ha hecho bien X\u00f3chitl G\u00e1lvez, muy bien, es responder r\u00e1pido. La t\u00e9cnica de \u201cvoltear la tortilla\u201d que ha utilizado no es nueva, se usa mucho y su \u00e9xito radica en el tiempo de reacci\u00f3n. Lo he equiparado a un juego de albures donde aprovechas lo que la otra persona dice, cualquier palabra, para crear un argumento a tu favor, pero como en los albures si dejas pasar tiempo ya no sirve lo que digas, lo que importa es la capacidad de reacci\u00f3n y X\u00f3chitl la ha tenido.<\/p>\n<p style=\"text-align: justify;\">Por lo pronto, el presidente ha sido llamado a guardar silencio por parte del INE, pero cuidando las formas no dejar\u00e1 de criticarla y X\u00f3chitl no dejar\u00e1 de responder y hasta de denunciar, tambi\u00e9n bajo los principios de la comunicaci\u00f3n pol\u00edtica: \u201cla forma de combatir una mentira es repetir hasta el cansancio la verdad\u201d.<\/p>\n<p style=\"text-align: justify;\">As\u00ed que tenemos ese pleito para largo, por lo menos hasta que inicien las campa\u00f1as y el lugar del presidente lo tenga que ocupar su candidato o candidata o sus voceros, si as\u00ed lo decide L\u00f3pez Obrador por supuesto.<\/p>\n","protected":false},"excerpt":{"rendered":"<p>A pesar de que durante este sexenio hemos visto debates verbales y reales muy interesantes, el que hoy vemos es sin duda el m\u00e1s importante. Antes vimos c\u00f3mo AMLO emprende cruzadas contra gobernadores (Cabeza de Vaca); ex presidentes (Felipe Calder\u00f3n); ex funcionarios (Genaro Garc\u00eda Luna); empresarios (Claudio X. Gonz\u00e1lez); ciudadanos (Mar\u00eda Amparo Casar); periodistas (Carlos [&hellip;]<\/p>\n","protected":false},"author":6,"featured_media":36370,"comment_status":"open","ping_status":"open","sticky":false,"template":"","format":"standard","meta":{"_acf_changed":false,"_monsterinsights_skip_tracking":false,"slim_seo":{"title":"AMLO no est\u00e1 ayudando a X\u00f3chitl - Opini\u00f3n P\u00fablica","description":"A pesar de que durante este sexenio hemos visto debates verbales y reales muy interesantes, el que hoy vemos es sin duda el m\u00e1s importante. Antes vimos c\u00f3mo AML"},"footnotes":""},"categories":[35],"tags":[195],"class_list":["post-36371","post","type-post","status-publish","format-standard","has-post-thumbnail","hentry","category-roy-campos-opina","tag-roy-campos"],"acf":[],"_links":{"self":[{"href":"https:\/\/www.opinionpublica.tv\/portada\/wp-json\/wp\/v2\/posts\/36371","targetHints":{"allow":["GET"]}}],"collection":[{"href":"https:\/\/www.opinionpublica.tv\/portada\/wp-json\/wp\/v2\/posts"}],"about":[{"href":"https:\/\/www.opinionpublica.tv\/portada\/wp-json\/wp\/v2\/types\/post"}],"author":[{"embeddable":true,"href":"https:\/\/www.opinionpublica.tv\/portada\/wp-json\/wp\/v2\/users\/6"}],"replies":[{"embeddable":true,"href":"https:\/\/www.opinionpublica.tv\/portada\/wp-json\/wp\/v2\/comments?post=36371"}],"version-history":[{"count":0,"href":"https:\/\/www.opinionpublica.tv\/portada\/wp-json\/wp\/v2\/posts\/36371\/revisions"}],"wp:featuredmedia":[{"embeddable":true,"href":"https:\/\/www.opinionpublica.tv\/portada\/wp-json\/wp\/v2\/media\/36370"}],"wp:attachment":[{"href":"https:\/\/www.opinionpublica.tv\/portada\/wp-json\/wp\/v2\/media?parent=36371"}],"wp:term":[{"taxonomy":"category","embeddable":true,"href":"https:\/\/www.opinionpublica.tv\/portada\/wp-json\/wp\/v2\/categories?post=36371"},{"taxonomy":"post_tag","embeddable":true,"href":"https:\/\/www.opinionpublica.tv\/portada\/wp-json\/wp\/v2\/tags?post=36371"}],"curies":[{"name":"wp","href":"https:\/\/api.w.org\/{rel}","templated":true}]}}